{"id":979,"date":"2025-07-17T17:44:55","date_gmt":"2025-07-17T17:44:55","guid":{"rendered":"https:\/\/mascorrientes.com\/?p=979"},"modified":"2025-07-17T17:44:55","modified_gmt":"2025-07-17T17:44:55","slug":"transmision-televisiva-capto-un-ataque-israeli-a-un-cuartel-de-siria","status":"publish","type":"post","link":"https:\/\/mascorrientes.com\/index.php\/2025\/07\/17\/transmision-televisiva-capto-un-ataque-israeli-a-un-cuartel-de-siria\/","title":{"rendered":"TRANSMISI\u00d3N TELEVISIVA CAPT\u00d3 UN ATAQUE ISRAEL\u00cd A UN CUARTEL DE SIRIA"},"content":{"rendered":"\n<p>La escena fue captada mientras una periodista de una emisora libanesa en Damasco analizaba la situaci\u00f3n en el sur de Siria, donde la minor\u00eda drusa est\u00e1 bajo asedio de las tropas gubernamentales mientras las Fuerzas de Defensa de Israel intervienen para protegerla<\/p>\n\n\n\n<p>Una periodista libanesa realizaba un an\u00e1lisis en vivo cuando un misil impact\u00f3 a pocos metros del lugar. La escena, captada por el canal Al Mayadeen, mostr\u00f3 el momento exacto en que un proyectil israel\u00ed alcanz\u00f3 el cuartel del Estado Mayor sirio, en las afueras de Damasco. La imagen se viraliz\u00f3 de inmediato: el destello, la explosi\u00f3n y la reacci\u00f3n de la reportera, que desapareci\u00f3 del encuadre segundos despu\u00e9s del estruendo.<\/p>\n\n\n\n<p>El video fue difundido luego por el ministro de Defensa de Israel, Israel Katz, como evidencia del operativo y advertencia directa al r\u00e9gimen sirio. \u201cIsrael no abandonar\u00e1 a los drusos en Siria\u201d, afirm\u00f3 el funcionario, al tiempo que prometi\u00f3 que las Fuerzas de Defensa de Israel (FDI) intensificar\u00e1n su ofensiva si las tropas sirias no se retiran del sur del pa\u00eds.<\/p>\n\n\n\n<p>El bombardeo se enmarca en la creciente tensi\u00f3n en la provincia de Sweida, basti\u00f3n de la minor\u00eda drusa, donde se registran enfrentamientos desde el domingo. Los choques entre milicias drusas y tribus beduinas sunitas se agravaron con la intervenci\u00f3n del r\u00e9gimen, acusado de actuar en alianza con los beduinos.<\/p>\n\n\n\n<p>Seg\u00fan el Observatorio Sirio de Derechos Humanos (OSDH), ya se contabilizan al menos 248 muertos, entre ellos 92 drusos (21 de ellos ejecutados sumariamente), 138 efectivos del r\u00e9gimen y 18 beduinos aliados. Las FDI aseguraron que su ataque fue &#8220;quir\u00fargico&#8221;, dirigido a la entrada del cuartel general, y que seguir\u00e1n monitoreando la situaci\u00f3n para proteger a la poblaci\u00f3n drusa.<\/p>\n\n\n\n<p>En Israel, la tensi\u00f3n tambi\u00e9n se traslad\u00f3 a los Altos del Gol\u00e1n, donde ciudadanos drusos intentaron cruzar hacia Siria para apoyar a sus pares. Varios fueron detenidos. Paralelamente, l\u00edderes drusos convocaron a una huelga general en solidaridad con las v\u00edctimas, y pidieron a la comunidad internacional que intervenga ante la escalada del conflicto.<\/p>\n\n\n\n<p>El primer ministro Benjam\u00edn Netanyahu respald\u00f3 la ofensiva militar, afirmando que no permitir\u00e1 que el sur de Siria se convierta en \u201cun segundo L\u00edbano\u201d bajo influencia iran\u00ed. Mientras tanto, la guerra se volvi\u00f3 visible en pantalla: una periodista frente a c\u00e1mara, testigo involuntaria de la violencia que no cesa en Medio Oriente.<\/p>\n","protected":false},"excerpt":{"rendered":"<p>La escena fue captada mientras una periodista de una emisora libanesa en Damasco analizaba la [&hellip;]<\/p>\n","protected":false},"author":1,"featured_media":980,"comment_status":"closed","ping_status":"closed","sticky":false,"template":"","format":"standard","meta":{"footnotes":""},"categories":[1],"tags":[],"class_list":["post-979","post","type-post","status-publish","format-standard","has-post-thumbnail","hentry","category-sin-categoria"],"_links":{"self":[{"href":"https:\/\/mascorrientes.com\/index.php\/wp-json\/wp\/v2\/posts\/979","targetHints":{"allow":["GET"]}}],"collection":[{"href":"https:\/\/mascorrientes.com\/index.php\/wp-json\/wp\/v2\/posts"}],"about":[{"href":"https:\/\/mascorrientes.com\/index.php\/wp-json\/wp\/v2\/types\/post"}],"author":[{"embeddable":true,"href":"https:\/\/mascorrientes.com\/index.php\/wp-json\/wp\/v2\/users\/1"}],"replies":[{"embeddable":true,"href":"https:\/\/mascorrientes.com\/index.php\/wp-json\/wp\/v2\/comments?post=979"}],"version-history":[{"count":1,"href":"https:\/\/mascorrientes.com\/index.php\/wp-json\/wp\/v2\/posts\/979\/revisions"}],"predecessor-version":[{"id":981,"href":"https:\/\/mascorrientes.com\/index.php\/wp-json\/wp\/v2\/posts\/979\/revisions\/981"}],"wp:featuredmedia":[{"embeddable":true,"href":"https:\/\/mascorrientes.com\/index.php\/wp-json\/wp\/v2\/media\/980"}],"wp:attachment":[{"href":"https:\/\/mascorrientes.com\/index.php\/wp-json\/wp\/v2\/media?parent=979"}],"wp:term":[{"taxonomy":"category","embeddable":true,"href":"https:\/\/mascorrientes.com\/index.php\/wp-json\/wp\/v2\/categories?post=979"},{"taxonomy":"post_tag","embeddable":true,"href":"https:\/\/mascorrientes.com\/index.php\/wp-json\/wp\/v2\/tags?post=979"}],"curies":[{"name":"wp","href":"https:\/\/api.w.org\/{rel}","templated":true}]}}