{"id":964,"date":"2025-06-23T16:24:59","date_gmt":"2025-06-23T16:24:59","guid":{"rendered":"https:\/\/mascorrientes.com\/?p=964"},"modified":"2025-06-23T16:24:59","modified_gmt":"2025-06-23T16:24:59","slug":"conductor-manejo-por-la-escalinata-de-la-piazza-di-spagna-en-roma","status":"publish","type":"post","link":"https:\/\/mascorrientes.com\/index.php\/2025\/06\/23\/conductor-manejo-por-la-escalinata-de-la-piazza-di-spagna-en-roma\/","title":{"rendered":"CONDUCTOR MANEJ\u00d3 POR LA ESCALINATA DE LA PIAZZA DI SPAGNA EN ROMA"},"content":{"rendered":"\n<p>Ocurri\u00f3 durante la madrugada, por lo que no se reportaron heridos; el acusado dio negativo en la alcoholemia y no pudo explicar c\u00f3mo lleg\u00f3 hasta el lugar<\/p>\n\n\n\n<p>Un ins\u00f3lito hecho ocurri\u00f3 este martes por la noche en&nbsp;uno de los puntos tur\u00edsticos m\u00e1s visitados de Roma. Un hombre de 80 a\u00f1os iba a bordo de un sed\u00e1n compacto de lujo Mercedes-Benz Clase A cuando&nbsp;trat\u00f3 condujo por la escalinata de la Piazza di Spagna&nbsp;y qued\u00f3 trabado a mitad de camino.<\/p>\n\n\n\n<p>El hombre&nbsp;dio negativo en la prueba de alcohol&nbsp;y, seg\u00fan la polic\u00eda, fue citado en el lugar por conducir por el monumento en el centro hist\u00f3rico de la capital italiana. Autoridades se\u00f1alaron que el hombre, residente de Roma,&nbsp;no pudo explicar c\u00f3mo fue que lleg\u00f3 a manejar el auto por las escalinatas.<\/p>\n\n\n\n<p>El peque\u00f1o veh\u00edculo fue retirado m\u00e1s tarde por los bomberos utilizando una gr\u00faa, tal como se puede ver en las im\u00e1genes. La polic\u00eda no respondi\u00f3 a las solicitudes de m\u00e1s detalles sobre la din\u00e1mica del aparente accidente.<\/p>\n\n\n\n<h2 class=\"wp-block-heading\"><strong>Antecedentes<\/strong><\/h2>\n\n\n\n<p>La escalinata, uno de los monumentos m\u00e1s ic\u00f3nicos de Roma, no est\u00e1 dise\u00f1ada para veh\u00edculos motorizados. Recibe su nombre porque est\u00e1&nbsp;cerca de la embajada de Espa\u00f1a ante la Santa Sede. Escenario de muchas pel\u00edculas, fue construida en la d\u00e9cada de 1720 y es uno de los lugares populares de la ciudad.<\/p>\n\n\n\n<p>Pese a que incluso&nbsp;est\u00e1 prohibido sentarse en la escalinata, se registraron episodios de graves infracciones en el pasado. Un hombre saud\u00ed fue acusado de&nbsp;da\u00f1o agravado al patrimonio cultural&nbsp;despu\u00e9s de que una c\u00e1mara de vigilancia lo grabara a bordo de un Maserati alquilado en 2022.<\/p>\n\n\n\n<p>En ese mismo a\u00f1o, una mujer de 25 a\u00f1os y un hombre de 29 a\u00f1os, provenientes de Estados Unidos, causaron&nbsp;da\u00f1os por un valor de 26.000 d\u00f3lares tras romper dos escalones:&nbsp;seg\u00fan consignaron los medios en ese entonces, los amigos tuvieron la idea de&nbsp;conducir un monopat\u00edn el\u00e9ctrico en medio del sitio Patrimonial&nbsp;durante la madrugada.<\/p>\n\n\n\n<p>Las im\u00e1genes de las c\u00e1maras de seguridad permiten ver el instante en el que&nbsp;la joven estrell\u00f3 de manera intencional el&nbsp;scooter. A los pocos minutos, la polic\u00eda se percat\u00f3 de lo sucedido y comenz\u00f3 con la investigaci\u00f3n para dar con sus respectivas identidades. Respecto de los da\u00f1os materiales, los escalones de m\u00e1rmol n\u00famero 16 y 29 fueron los que recibieron el impacto mayor y tuvieron que ser colocados nuevamente. Adem\u00e1s,&nbsp;hubo leves da\u00f1os en otros sectores de las escaleras.<\/p>\n\n\n\n<p>Adem\u00e1s de la multa,&nbsp;esos turistas estadounidenses tienen prohibido el acceso al sitio de por vida.<\/p>\n","protected":false},"excerpt":{"rendered":"<p>Ocurri\u00f3 durante la madrugada, por lo que no se reportaron heridos; el acusado dio negativo [&hellip;]<\/p>\n","protected":false},"author":1,"featured_media":965,"comment_status":"closed","ping_status":"closed","sticky":false,"template":"","format":"standard","meta":{"footnotes":""},"categories":[1],"tags":[],"class_list":["post-964","post","type-post","status-publish","format-standard","has-post-thumbnail","hentry","category-sin-categoria"],"_links":{"self":[{"href":"https:\/\/mascorrientes.com\/index.php\/wp-json\/wp\/v2\/posts\/964","targetHints":{"allow":["GET"]}}],"collection":[{"href":"https:\/\/mascorrientes.com\/index.php\/wp-json\/wp\/v2\/posts"}],"about":[{"href":"https:\/\/mascorrientes.com\/index.php\/wp-json\/wp\/v2\/types\/post"}],"author":[{"embeddable":true,"href":"https:\/\/mascorrientes.com\/index.php\/wp-json\/wp\/v2\/users\/1"}],"replies":[{"embeddable":true,"href":"https:\/\/mascorrientes.com\/index.php\/wp-json\/wp\/v2\/comments?post=964"}],"version-history":[{"count":1,"href":"https:\/\/mascorrientes.com\/index.php\/wp-json\/wp\/v2\/posts\/964\/revisions"}],"predecessor-version":[{"id":966,"href":"https:\/\/mascorrientes.com\/index.php\/wp-json\/wp\/v2\/posts\/964\/revisions\/966"}],"wp:featuredmedia":[{"embeddable":true,"href":"https:\/\/mascorrientes.com\/index.php\/wp-json\/wp\/v2\/media\/965"}],"wp:attachment":[{"href":"https:\/\/mascorrientes.com\/index.php\/wp-json\/wp\/v2\/media?parent=964"}],"wp:term":[{"taxonomy":"category","embeddable":true,"href":"https:\/\/mascorrientes.com\/index.php\/wp-json\/wp\/v2\/categories?post=964"},{"taxonomy":"post_tag","embeddable":true,"href":"https:\/\/mascorrientes.com\/index.php\/wp-json\/wp\/v2\/tags?post=964"}],"curies":[{"name":"wp","href":"https:\/\/api.w.org\/{rel}","templated":true}]}}