{"id":958,"date":"2025-06-23T16:20:15","date_gmt":"2025-06-23T16:20:15","guid":{"rendered":"https:\/\/mascorrientes.com\/?p=958"},"modified":"2025-06-23T16:20:15","modified_gmt":"2025-06-23T16:20:15","slug":"la-virgen-de-itati-visito-al-papa-leon-xiv-en-el-vaticano","status":"publish","type":"post","link":"https:\/\/mascorrientes.com\/index.php\/2025\/06\/23\/la-virgen-de-itati-visito-al-papa-leon-xiv-en-el-vaticano\/","title":{"rendered":"LA VIRGEN DE ITAT\u00cd VISIT\u00d3 AL PAPA LE\u00d3N XIV EN EL VATICANO"},"content":{"rendered":"\n<p>La imagen de la Virgen de Itat\u00ed acompa\u00f1ando a Le\u00f3n XIV en la Catequesis Papal, la public\u00f3 una joven santafesina que vive en Europa y particip\u00f3&nbsp;de la audiencia general de los mi\u00e9rcoles del sumo pont\u00edfice.<\/p>\n\n\n\n<p><strong>\u201cComo Mar\u00eda, peregrinos de esperanza\u201d<\/strong>. Mi coraz\u00f3n te pertenece, caminas conmigo para siempre. Te amo Nuestra Se\u00f1ora de Itat\u00ed\u201d, con estas palabras Luc\u00eda Mansilla expres\u00f3 el momento que vivi\u00f3 durante la audiencia general de los mi\u00e9rcoles del&nbsp;<strong>Papa Le\u00f3n XIV<\/strong>.<\/p>\n\n\n\n<p>Con emoci\u00f3n la joven santafesina que desde a\u00f1os vive en Europa, llev\u00f3 una imagen de la&nbsp;<strong>Virgen de Itat\u00ed&nbsp;<\/strong>a la Catequesis Papal, que encabeza el sumo pont\u00edfice.<\/p>\n\n\n\n<p>Mansilla public\u00f3 las im\u00e1genes en sus redes sociales, en donde adem\u00e1s muestra su gran devoci\u00f3n por la Virgen morena de los correntinos.&nbsp;<strong>\u201cMi coraz\u00f3n pertenece a Mar\u00eda y deseo que siempre lo haga suyo\u201d,<\/strong>&nbsp;escribi\u00f3 en uno de sus posteos.<\/p>\n","protected":false},"excerpt":{"rendered":"<p>La imagen de la Virgen de Itat\u00ed acompa\u00f1ando a Le\u00f3n XIV en la Catequesis Papal, [&hellip;]<\/p>\n","protected":false},"author":1,"featured_media":959,"comment_status":"closed","ping_status":"closed","sticky":false,"template":"","format":"standard","meta":{"footnotes":""},"categories":[1],"tags":[],"class_list":["post-958","post","type-post","status-publish","format-standard","has-post-thumbnail","hentry","category-sin-categoria"],"_links":{"self":[{"href":"https:\/\/mascorrientes.com\/index.php\/wp-json\/wp\/v2\/posts\/958","targetHints":{"allow":["GET"]}}],"collection":[{"href":"https:\/\/mascorrientes.com\/index.php\/wp-json\/wp\/v2\/posts"}],"about":[{"href":"https:\/\/mascorrientes.com\/index.php\/wp-json\/wp\/v2\/types\/post"}],"author":[{"embeddable":true,"href":"https:\/\/mascorrientes.com\/index.php\/wp-json\/wp\/v2\/users\/1"}],"replies":[{"embeddable":true,"href":"https:\/\/mascorrientes.com\/index.php\/wp-json\/wp\/v2\/comments?post=958"}],"version-history":[{"count":1,"href":"https:\/\/mascorrientes.com\/index.php\/wp-json\/wp\/v2\/posts\/958\/revisions"}],"predecessor-version":[{"id":960,"href":"https:\/\/mascorrientes.com\/index.php\/wp-json\/wp\/v2\/posts\/958\/revisions\/960"}],"wp:featuredmedia":[{"embeddable":true,"href":"https:\/\/mascorrientes.com\/index.php\/wp-json\/wp\/v2\/media\/959"}],"wp:attachment":[{"href":"https:\/\/mascorrientes.com\/index.php\/wp-json\/wp\/v2\/media?parent=958"}],"wp:term":[{"taxonomy":"category","embeddable":true,"href":"https:\/\/mascorrientes.com\/index.php\/wp-json\/wp\/v2\/categories?post=958"},{"taxonomy":"post_tag","embeddable":true,"href":"https:\/\/mascorrientes.com\/index.php\/wp-json\/wp\/v2\/tags?post=958"}],"curies":[{"name":"wp","href":"https:\/\/api.w.org\/{rel}","templated":true}]}}