{"id":954,"date":"2025-06-23T16:19:16","date_gmt":"2025-06-23T16:19:16","guid":{"rendered":"https:\/\/mascorrientes.com\/?p=954"},"modified":"2025-06-23T16:19:17","modified_gmt":"2025-06-23T16:19:17","slug":"tres-camiones-chocaron-sobre-av-3-de-abril-uno-quedo-destrozado","status":"publish","type":"post","link":"https:\/\/mascorrientes.com\/index.php\/2025\/06\/23\/tres-camiones-chocaron-sobre-av-3-de-abril-uno-quedo-destrozado\/","title":{"rendered":"TRES CAMIONES CHOCARON SOBRE AV. 3 DE ABRIL: UNO QUED\u00d3 DESTROZADO"},"content":{"rendered":"\n<p>Ocurri\u00f3 en la ma\u00f1ana de este jueves, en Avenida 3 de Abril y calle C\u00f3rdoba de la Capital de Corrientes. Uno de los veh\u00edculos tiene patente de Brasil y qued\u00f3 destruido en la parte frontal.\u00a0<audio src=\"https:\/\/www.radiosudamericana.com\/notix\/multimedia\/audios\/2025-06-19\/551913.mp3\"><\/audio><\/p>\n\n\n\n<p>El cronista de Sudamericana cont\u00f3 detalles de un grave siniestro vial sucedido en la&nbsp;<strong>Avenida 3 de Abril y calle C\u00f3rdoba&nbsp;<\/strong>de la Ciudad de Corrientes. Un cami\u00f3n Scania con patente brasilera, que transportaba combustibles,&nbsp;<strong>colision\u00f3 en la parte trasera de otro cami\u00f3n<\/strong>&nbsp;de transporte de materiales.<\/p>\n\n\n\n<p>Ambos iban en sentido&nbsp;<strong>desde el puente General Belgrano hacia la Rotonda de la Virgen de Itat\u00ed<\/strong>, por la banda central sur de la avenida. Evidentemente, en una situaci\u00f3n de frenado, la conductora del cami\u00f3n no pudo detenerse, chocando al que iba adelante y tambi\u00e9n afectando a otro cami\u00f3n.<\/p>\n\n\n\n<p><strong>La chofer fue atendida en el lugar por personal m\u00e9dico<\/strong>&nbsp;y milagrosamente no fue una tragedia porque el cami\u00f3n de patente brasilera estuvo a cent\u00edmetros de cruzarse a la banda norte de la avenida. Polic\u00edas y bomberos estaban de manera preventiva en el lugar porque hubo derrame de elementos inflamables.<\/p>\n","protected":false},"excerpt":{"rendered":"<p>Ocurri\u00f3 en la ma\u00f1ana de este jueves, en Avenida 3 de Abril y calle C\u00f3rdoba [&hellip;]<\/p>\n","protected":false},"author":1,"featured_media":956,"comment_status":"closed","ping_status":"closed","sticky":false,"template":"","format":"standard","meta":{"footnotes":""},"categories":[1],"tags":[],"class_list":["post-954","post","type-post","status-publish","format-standard","has-post-thumbnail","hentry","category-sin-categoria"],"_links":{"self":[{"href":"https:\/\/mascorrientes.com\/index.php\/wp-json\/wp\/v2\/posts\/954","targetHints":{"allow":["GET"]}}],"collection":[{"href":"https:\/\/mascorrientes.com\/index.php\/wp-json\/wp\/v2\/posts"}],"about":[{"href":"https:\/\/mascorrientes.com\/index.php\/wp-json\/wp\/v2\/types\/post"}],"author":[{"embeddable":true,"href":"https:\/\/mascorrientes.com\/index.php\/wp-json\/wp\/v2\/users\/1"}],"replies":[{"embeddable":true,"href":"https:\/\/mascorrientes.com\/index.php\/wp-json\/wp\/v2\/comments?post=954"}],"version-history":[{"count":1,"href":"https:\/\/mascorrientes.com\/index.php\/wp-json\/wp\/v2\/posts\/954\/revisions"}],"predecessor-version":[{"id":957,"href":"https:\/\/mascorrientes.com\/index.php\/wp-json\/wp\/v2\/posts\/954\/revisions\/957"}],"wp:featuredmedia":[{"embeddable":true,"href":"https:\/\/mascorrientes.com\/index.php\/wp-json\/wp\/v2\/media\/956"}],"wp:attachment":[{"href":"https:\/\/mascorrientes.com\/index.php\/wp-json\/wp\/v2\/media?parent=954"}],"wp:term":[{"taxonomy":"category","embeddable":true,"href":"https:\/\/mascorrientes.com\/index.php\/wp-json\/wp\/v2\/categories?post=954"},{"taxonomy":"post_tag","embeddable":true,"href":"https:\/\/mascorrientes.com\/index.php\/wp-json\/wp\/v2\/tags?post=954"}],"curies":[{"name":"wp","href":"https:\/\/api.w.org\/{rel}","templated":true}]}}