{"id":947,"date":"2025-05-24T06:56:11","date_gmt":"2025-05-24T06:56:11","guid":{"rendered":"https:\/\/mascorrientes.com\/?p=947"},"modified":"2025-05-24T06:56:12","modified_gmt":"2025-05-24T06:56:12","slug":"intendenta-de-san-cosme-se-descompenso-y-fue-hospitalizada","status":"publish","type":"post","link":"https:\/\/mascorrientes.com\/index.php\/2025\/05\/24\/intendenta-de-san-cosme-se-descompenso-y-fue-hospitalizada\/","title":{"rendered":"INTENDENTA DE SAN COSME SE DESCOMPENS\u00d3 Y FUE HOSPITALIZADA"},"content":{"rendered":"\n<p>Giovanna Morales Maciel, jefa comunal de esa localidad, habr\u00eda sufrido una descompensaci\u00f3n en su domicilio y para ello se destin\u00f3 una ambulancia que la traslad\u00f3 a la Capital correntina. Por este motivo, se instal\u00f3 un operativo en la ma\u00f1ana del viernes, para asegurar la derivaci\u00f3n de la intendenta.<\/p>\n\n\n\n<p>Radio Sudamericana pudo acceder a la informaci\u00f3n de que la intendenta de San Cosme, Giovanna Morales Maciel fue trasladada a Corrientes Capital. La mujer se habr\u00eda descompensado y sufri\u00f3 mareos, lo que deriv\u00f3 en que sea trasladada por una ambulancia al Hospital Escuela \u201cGeneral Jos\u00e9 Francisco de San Mart\u00edn\u201d.<\/p>\n\n\n\n<p>Para el traslado, se dispuso un cord\u00f3n sanitario entre el acceso de la Ciudad de Corrientes y el centro de salud mencionado. Fuentes confirmaron que la jefa comunal fue atendida y estabilizada en ese lugar. &nbsp;<\/p>\n\n\n\n<p><\/p>\n","protected":false},"excerpt":{"rendered":"<p>Giovanna Morales Maciel, jefa comunal de esa localidad, habr\u00eda sufrido una descompensaci\u00f3n en su domicilio [&hellip;]<\/p>\n","protected":false},"author":1,"featured_media":948,"comment_status":"closed","ping_status":"closed","sticky":false,"template":"","format":"standard","meta":{"footnotes":""},"categories":[1],"tags":[],"class_list":["post-947","post","type-post","status-publish","format-standard","has-post-thumbnail","hentry","category-sin-categoria"],"_links":{"self":[{"href":"https:\/\/mascorrientes.com\/index.php\/wp-json\/wp\/v2\/posts\/947","targetHints":{"allow":["GET"]}}],"collection":[{"href":"https:\/\/mascorrientes.com\/index.php\/wp-json\/wp\/v2\/posts"}],"about":[{"href":"https:\/\/mascorrientes.com\/index.php\/wp-json\/wp\/v2\/types\/post"}],"author":[{"embeddable":true,"href":"https:\/\/mascorrientes.com\/index.php\/wp-json\/wp\/v2\/users\/1"}],"replies":[{"embeddable":true,"href":"https:\/\/mascorrientes.com\/index.php\/wp-json\/wp\/v2\/comments?post=947"}],"version-history":[{"count":1,"href":"https:\/\/mascorrientes.com\/index.php\/wp-json\/wp\/v2\/posts\/947\/revisions"}],"predecessor-version":[{"id":949,"href":"https:\/\/mascorrientes.com\/index.php\/wp-json\/wp\/v2\/posts\/947\/revisions\/949"}],"wp:featuredmedia":[{"embeddable":true,"href":"https:\/\/mascorrientes.com\/index.php\/wp-json\/wp\/v2\/media\/948"}],"wp:attachment":[{"href":"https:\/\/mascorrientes.com\/index.php\/wp-json\/wp\/v2\/media?parent=947"}],"wp:term":[{"taxonomy":"category","embeddable":true,"href":"https:\/\/mascorrientes.com\/index.php\/wp-json\/wp\/v2\/categories?post=947"},{"taxonomy":"post_tag","embeddable":true,"href":"https:\/\/mascorrientes.com\/index.php\/wp-json\/wp\/v2\/tags?post=947"}],"curies":[{"name":"wp","href":"https:\/\/api.w.org\/{rel}","templated":true}]}}