{"id":924,"date":"2025-04-14T20:27:04","date_gmt":"2025-04-14T20:27:04","guid":{"rendered":"https:\/\/mascorrientes.com\/?p=924"},"modified":"2025-04-14T20:27:04","modified_gmt":"2025-04-14T20:27:04","slug":"la-casita-del-terror-asi-llaman-al-predio-abandonado-que-se-prendio-fuego","status":"publish","type":"post","link":"https:\/\/mascorrientes.com\/index.php\/2025\/04\/14\/la-casita-del-terror-asi-llaman-al-predio-abandonado-que-se-prendio-fuego\/","title":{"rendered":"&#8220;LA CASITA DEL TERROR&#8221; AS\u00cd LLAMAN AL PREDIO ABANDONADO QUE SE PRENDI\u00d3 FUEGO"},"content":{"rendered":"\n<p>El incendio se dio en un predio ubicado por Pasaje Torrent al 950, en pleno centro de la Ciudad de Corrientes. Tras el feroz siniestro, vecinos de la zona dialogaron con Radio Sudamericana y manifestaron su preocupaci\u00f3n por el estado de abandono del lugar y el aprovechamiento de personas en situaci\u00f3n de calle. \u201cLa gente se mete en este predio y termina siendo muy inseguro para todos\u201d, indicaron. La llaman \u201cLa casita del terror\u201d.<\/p>\n\n\n\n<p>El incendio se produjo domingo por la noche a ra\u00edz de una quema de cartones y ramas secas. Vecinos del lugar dialogaron con Radio Sudamericana y pidieron que el terreno sea mantenido por sus due\u00f1os ya que las condiciones de abandono terminan generando inseguridad en el barrio.<\/p>\n\n\n\n<p>\u201cLa gente en situaci\u00f3n de calle se mete y termina siendo un aguantadero. La \u00faltima vez, una mujer se qued\u00f3 y comenz\u00f3 a violentar contra los autos y vecinos que pasaban\u201d, indicaron. Vale recordar que todo se produjo alrededor de las 22.30 del domingo, por calle Pasaje Torrent al 950, en el l\u00edmite entre los barrios Libertad y Nuestra Se\u00f1ora de la Pompeya.<\/p>\n\n\n\n<p>La llaman \u201cLa casita del terror\u201d por el aspecto y los hechos que se dan en ese lugar. Lo usan como \u201caguantadero\u201d o \u201crefugio\u201d de cualquier persona en situaci\u00f3n de calle que pase por ah\u00ed.<\/p>\n","protected":false},"excerpt":{"rendered":"<p>El incendio se dio en un predio ubicado por Pasaje Torrent al 950, en pleno [&hellip;]<\/p>\n","protected":false},"author":1,"featured_media":926,"comment_status":"closed","ping_status":"closed","sticky":false,"template":"","format":"standard","meta":{"footnotes":""},"categories":[1],"tags":[],"class_list":["post-924","post","type-post","status-publish","format-standard","has-post-thumbnail","hentry","category-sin-categoria"],"_links":{"self":[{"href":"https:\/\/mascorrientes.com\/index.php\/wp-json\/wp\/v2\/posts\/924","targetHints":{"allow":["GET"]}}],"collection":[{"href":"https:\/\/mascorrientes.com\/index.php\/wp-json\/wp\/v2\/posts"}],"about":[{"href":"https:\/\/mascorrientes.com\/index.php\/wp-json\/wp\/v2\/types\/post"}],"author":[{"embeddable":true,"href":"https:\/\/mascorrientes.com\/index.php\/wp-json\/wp\/v2\/users\/1"}],"replies":[{"embeddable":true,"href":"https:\/\/mascorrientes.com\/index.php\/wp-json\/wp\/v2\/comments?post=924"}],"version-history":[{"count":1,"href":"https:\/\/mascorrientes.com\/index.php\/wp-json\/wp\/v2\/posts\/924\/revisions"}],"predecessor-version":[{"id":927,"href":"https:\/\/mascorrientes.com\/index.php\/wp-json\/wp\/v2\/posts\/924\/revisions\/927"}],"wp:featuredmedia":[{"embeddable":true,"href":"https:\/\/mascorrientes.com\/index.php\/wp-json\/wp\/v2\/media\/926"}],"wp:attachment":[{"href":"https:\/\/mascorrientes.com\/index.php\/wp-json\/wp\/v2\/media?parent=924"}],"wp:term":[{"taxonomy":"category","embeddable":true,"href":"https:\/\/mascorrientes.com\/index.php\/wp-json\/wp\/v2\/categories?post=924"},{"taxonomy":"post_tag","embeddable":true,"href":"https:\/\/mascorrientes.com\/index.php\/wp-json\/wp\/v2\/tags?post=924"}],"curies":[{"name":"wp","href":"https:\/\/api.w.org\/{rel}","templated":true}]}}