{"id":918,"date":"2025-04-14T20:23:53","date_gmt":"2025-04-14T20:23:53","guid":{"rendered":"https:\/\/mascorrientes.com\/?p=918"},"modified":"2025-04-14T20:23:54","modified_gmt":"2025-04-14T20:23:54","slug":"chilavert-no-es-poca-cosa-ser-reconocido-a-nivel-internacional","status":"publish","type":"post","link":"https:\/\/mascorrientes.com\/index.php\/2025\/04\/14\/chilavert-no-es-poca-cosa-ser-reconocido-a-nivel-internacional\/","title":{"rendered":"CHILAVERT: &#8220;NO ES POCA COSA SER RECONOCIDO A NIVEL INTERNACIONAL&#8221;"},"content":{"rendered":"\n<p>El hist\u00f3rico arquero campe\u00f3n con V\u00e9lez en los \u201890 habl\u00f3 en exclusiva con Radio Sudamericana. Analiz\u00f3 el f\u00fatbol actual, opin\u00f3 sobre el rol de los arqueros y record\u00f3 todo lo&nbsp;que enfrent\u00f3 en sus inicios. &#8220;Para m\u00ed, es el mejor puesto que hay en un equipo&#8221;, afirm\u00f3. Con sinceridad, revel\u00f3: &#8220;Cuando llegu\u00e9 a Argentina, me gritaban &#8216;paraguayo muerto de hambre, volv\u00e9 a tu pa\u00eds'&#8221;.<\/p>\n\n\n\n<p>En el D\u00eda del Arquero, el m\u00edtico exguardameta de V\u00e9lez y la Selecci\u00f3n de Paraguay dialog\u00f3 con Radio Sudamericana. Record\u00f3 su legado, habl\u00f3 de la psicolog\u00eda en el f\u00fatbol, de sus goles y dej\u00f3 duras cr\u00edticas a la Conmebol.<\/p>\n\n\n\n<p>&#8220;Desde las 00:01 ya me empezaron a llegar mensajes&#8221;, cont\u00f3 Jos\u00e9 Luis Chilavert, quien este viernes fue homenajeado por fan\u00e1ticos y colegas del f\u00fatbol en el D\u00eda del Arquero. El ex V\u00e9lez y referente sudamericano, reconoci\u00f3 que este tipo de reconocimientos &#8220;reconfortan&#8221;&nbsp;y son la prueba de&nbsp;<strong>&#8220;haber dejado un legado en el mundo del f\u00fatbol&#8221;.<\/strong><\/p>\n\n\n\n<p>En di\u00e1logo exclusivo con Radio Sudamericana, repas\u00f3 su historia en el arco: &#8220;Para m\u00ed es el mejor puesto que hay en un equipo. El arquero ve de frente toda la jugada, ya sea atacando o defendiendo. Pero tambi\u00e9n se necesitan tres pilares: personalidad, condici\u00f3n t\u00e9cnica y fortaleza mental&#8221;.<\/p>\n\n\n\n<p>En este contexto, hizo referencia a sus a\u00f1os en el f\u00fatbol y reconoci\u00f3:&nbsp;<strong>&#8220;No es poca cosa ser reconocido a nivel internacional&#8221;.<\/strong>&nbsp;Hoy, a m\u00e1s de 20 a\u00f1os de su retiro del f\u00fatbol profesional, sigue m\u00e1s vigente que nunca, con sus declaraciones filosas y esas atajadas que quedaron para la historia.<\/p>\n\n\n\n<p>El ex capit\u00e1n de Paraguay remarc\u00f3 que el arco exige car\u00e1cter y resistencia. &#8220;Desde afuera te insultan, te dicen de todo. A m\u00ed en Argentina me dec\u00edan \u2018paraguayo muerto de hambre, andate a tu pa\u00eds\u2019. En Espa\u00f1a me gritaban \u2018sudaca indio\u2019.&nbsp;<strong>Pero mientras m\u00e1s me insultaban, m\u00e1s me concentraba&#8221;, afirm\u00f3.<\/strong><\/p>\n\n\n\n<p>Sobre el rol de los psic\u00f3logos en los clubes, fue determinante: &#8220;Respeto a todas las profesiones, pero el psic\u00f3logo no puede decirte d\u00f3nde va a caer la pelota o c\u00f3mo pararte en el arco. Yo creo en la mente entrenada por uno mismo&#8221;.<\/p>\n\n\n\n<h2 class=\"wp-block-heading\"><strong>Chilavert, el goleador del arco<\/strong><\/h2>\n\n\n\n<p>Recordado por sus goles de tiro libre y penal, &#8220;Chila&#8221;&nbsp;tambi\u00e9n habl\u00f3 de ese legado: &#8220;El s\u00e1bado estuve en un colegio con 1.500 chicos y les mostraron mis goles. Se asombraban. Yo ya lo hac\u00eda antes de que se viralicen los goles por redes&#8221;.<\/p>\n\n\n\n<p>Tambi\u00e9n record\u00f3 el d\u00eda que Diego Maradona lo felicit\u00f3 tras atajarle un tiro libre. &#8220;Fue espectacular. Ten\u00eda una pegada terrible.&nbsp;<strong>Me anticip\u00e9, me mov\u00ed un paso antes, y llegu\u00e9 con la yema de los dedos. Si no, era gol&#8221;.<\/strong><\/p>\n\n\n\n<p>El apodo de &#8220;Bulldog&#8221;&nbsp;no fue casual, recordando que usaba una camiseta con la cara de este animal: &#8220;Con mi cara yo no pod\u00eda hacer el papel de bueno, ten\u00eda que parecer malo. El bulldog es noble, pero si ven\u00eds y pate\u00e1s, te muerde&#8221;, brome\u00f3, sobre su estilo intimidante.<\/p>\n\n\n\n<p><strong>&#8220;Hay chicos que hoy todav\u00eda quieren ser Chilavert, me emociona. El s\u00e1bado me cruc\u00e9 con 15 chicos con la camiseta del bulldog. Eso es dejar una huella&#8221;<\/strong>, agreg\u00f3.<\/p>\n\n\n\n<h2 class=\"wp-block-heading\"><strong>Sus reclamos ante la Justicia<\/strong><\/h2>\n\n\n\n<p>Respecto al presente de V\u00e9lez, fue cr\u00edtico: &#8220;A nivel internacional juega bien. Pero localmente hay que sumar puntos urgente porque estamos cerca del descenso&#8221;.<\/p>\n\n\n\n<p>Consultado por la gesti\u00f3n de Gustavo Alfaro en Paraguay, respondi\u00f3: &#8220;No creo en la psicolog\u00eda eterna. Recuper\u00f3 algo de identidad, pero ahora viene lo t\u00e1ctico. Hay que ver c\u00f3mo responde Paraguay contra Uruguay y Brasil&#8221;.<\/p>\n\n\n\n<p>Sobre su hist\u00f3rica enemistad con Ruggeri, fue directo: &#8220;Somos el agua y el aceite. En 2013 nos reunimos con Maradona, Romario y otros para denunciar a la Conmebol. Despu\u00e9s Maradona trabaj\u00f3 para la FIFA, Ruggeri es embajador de la Conmebol.<strong>&nbsp;Yo sigo con los mismos valores&#8221;.<\/strong><\/p>\n\n\n\n<p>Y cerr\u00f3: &#8220;(&#8230;). Por eso me sancionaron. Recurr\u00ed a la Comisi\u00f3n Interamericana de Derechos Humanos y estoy esperando audiencia. No me voy a callar&#8221;.<\/p>\n\n\n\n<p><\/p>\n","protected":false},"excerpt":{"rendered":"<p>El hist\u00f3rico arquero campe\u00f3n con V\u00e9lez en los \u201890 habl\u00f3 en exclusiva con Radio Sudamericana. [&hellip;]<\/p>\n","protected":false},"author":1,"featured_media":919,"comment_status":"closed","ping_status":"closed","sticky":false,"template":"","format":"standard","meta":{"footnotes":""},"categories":[1],"tags":[],"class_list":["post-918","post","type-post","status-publish","format-standard","has-post-thumbnail","hentry","category-sin-categoria"],"_links":{"self":[{"href":"https:\/\/mascorrientes.com\/index.php\/wp-json\/wp\/v2\/posts\/918","targetHints":{"allow":["GET"]}}],"collection":[{"href":"https:\/\/mascorrientes.com\/index.php\/wp-json\/wp\/v2\/posts"}],"about":[{"href":"https:\/\/mascorrientes.com\/index.php\/wp-json\/wp\/v2\/types\/post"}],"author":[{"embeddable":true,"href":"https:\/\/mascorrientes.com\/index.php\/wp-json\/wp\/v2\/users\/1"}],"replies":[{"embeddable":true,"href":"https:\/\/mascorrientes.com\/index.php\/wp-json\/wp\/v2\/comments?post=918"}],"version-history":[{"count":1,"href":"https:\/\/mascorrientes.com\/index.php\/wp-json\/wp\/v2\/posts\/918\/revisions"}],"predecessor-version":[{"id":920,"href":"https:\/\/mascorrientes.com\/index.php\/wp-json\/wp\/v2\/posts\/918\/revisions\/920"}],"wp:featuredmedia":[{"embeddable":true,"href":"https:\/\/mascorrientes.com\/index.php\/wp-json\/wp\/v2\/media\/919"}],"wp:attachment":[{"href":"https:\/\/mascorrientes.com\/index.php\/wp-json\/wp\/v2\/media?parent=918"}],"wp:term":[{"taxonomy":"category","embeddable":true,"href":"https:\/\/mascorrientes.com\/index.php\/wp-json\/wp\/v2\/categories?post=918"},{"taxonomy":"post_tag","embeddable":true,"href":"https:\/\/mascorrientes.com\/index.php\/wp-json\/wp\/v2\/tags?post=918"}],"curies":[{"name":"wp","href":"https:\/\/api.w.org\/{rel}","templated":true}]}}