{"id":909,"date":"2025-04-14T20:18:14","date_gmt":"2025-04-14T20:18:14","guid":{"rendered":"https:\/\/mascorrientes.com\/?p=909"},"modified":"2025-04-14T20:18:14","modified_gmt":"2025-04-14T20:18:14","slug":"su-papa-murio-en-paraguay-y-piden-ayuda-para-repatriar-su-cuerpo","status":"publish","type":"post","link":"https:\/\/mascorrientes.com\/index.php\/2025\/04\/14\/su-papa-murio-en-paraguay-y-piden-ayuda-para-repatriar-su-cuerpo\/","title":{"rendered":"SU PAP\u00c1 MURI\u00d3 EN PARAGUAY Y PIDEN AYUDA PARA REPATRIAR SU CUERPO"},"content":{"rendered":"\n<p>Para recaudar los fondos necesarios para repatriar el cuerpo de Enrique Iermini, la familia organiz\u00f3 una colecta solidaria.<\/p>\n\n\n\n<p>La familia de Enrique Iermini, un hombre de 61 a\u00f1os est\u00e1 pidiendo ayuda para repatriar su cuerpo a Argentina despu\u00e9s de que falleciera en Paraguay, el fin de semana.<\/p>\n\n\n\n<p>\u201cEn marzo mi pap\u00e1 fue a trabajar al Paraguay y hace unos d\u00edas nos dijo que se sent\u00eda m\u00e1s, luego no tuvimos contacto lo que nos preocup\u00f3 y el jefe de \u00e9l nos dijo que lo encontr\u00f3 desvanecido en el lugar donde alquilaba\u201d, relat\u00f3 a Sudamericana Mar\u00eda, hoja de Enrique.<\/p>\n\n\n\n<p>Asimismo detall\u00f3 \u201cse lo llevaron al hospital, estuvo dos semanas comenz\u00f3 a mejorar pero lo trasladaron a otro hospital ah\u00ed ya fue mi hermana. Ten\u00eda l\u00edquidos en los pulmones y el s\u00e1bado me llamo mi hermana para avisarme que ya \u00e9l no estaba m\u00e1s\u201d.<\/p>\n\n\n\n<p>\u201cLo principal es traerlo y que vuelva mi hermana que sigue en Paraguay, todo monto nos puede ayudar\u201d, expres\u00f3 la mujer.<\/p>\n\n\n\n<p>Para recaudar los fondos necesarios para repatriar el cuerpo de Enrique Iermini, la familia ha organizado una colecta solidaria. Las personas que deseen colaborar pueden hacerlo a trav\u00e9s de la siguiente cuenta de Mercado Pago:&nbsp;<strong>mariaier.mp<\/strong>&nbsp;o bien comunicarse al celular 3794790567.<\/p>\n","protected":false},"excerpt":{"rendered":"<p>Para recaudar los fondos necesarios para repatriar el cuerpo de Enrique Iermini, la familia organiz\u00f3 [&hellip;]<\/p>\n","protected":false},"author":1,"featured_media":910,"comment_status":"closed","ping_status":"closed","sticky":false,"template":"","format":"standard","meta":{"footnotes":""},"categories":[1],"tags":[],"class_list":["post-909","post","type-post","status-publish","format-standard","has-post-thumbnail","hentry","category-sin-categoria"],"_links":{"self":[{"href":"https:\/\/mascorrientes.com\/index.php\/wp-json\/wp\/v2\/posts\/909","targetHints":{"allow":["GET"]}}],"collection":[{"href":"https:\/\/mascorrientes.com\/index.php\/wp-json\/wp\/v2\/posts"}],"about":[{"href":"https:\/\/mascorrientes.com\/index.php\/wp-json\/wp\/v2\/types\/post"}],"author":[{"embeddable":true,"href":"https:\/\/mascorrientes.com\/index.php\/wp-json\/wp\/v2\/users\/1"}],"replies":[{"embeddable":true,"href":"https:\/\/mascorrientes.com\/index.php\/wp-json\/wp\/v2\/comments?post=909"}],"version-history":[{"count":1,"href":"https:\/\/mascorrientes.com\/index.php\/wp-json\/wp\/v2\/posts\/909\/revisions"}],"predecessor-version":[{"id":911,"href":"https:\/\/mascorrientes.com\/index.php\/wp-json\/wp\/v2\/posts\/909\/revisions\/911"}],"wp:featuredmedia":[{"embeddable":true,"href":"https:\/\/mascorrientes.com\/index.php\/wp-json\/wp\/v2\/media\/910"}],"wp:attachment":[{"href":"https:\/\/mascorrientes.com\/index.php\/wp-json\/wp\/v2\/media?parent=909"}],"wp:term":[{"taxonomy":"category","embeddable":true,"href":"https:\/\/mascorrientes.com\/index.php\/wp-json\/wp\/v2\/categories?post=909"},{"taxonomy":"post_tag","embeddable":true,"href":"https:\/\/mascorrientes.com\/index.php\/wp-json\/wp\/v2\/tags?post=909"}],"curies":[{"name":"wp","href":"https:\/\/api.w.org\/{rel}","templated":true}]}}