{"id":899,"date":"2025-03-18T23:41:26","date_gmt":"2025-03-18T23:41:26","guid":{"rendered":"https:\/\/mascorrientes.com\/?p=899"},"modified":"2025-03-18T23:41:27","modified_gmt":"2025-03-18T23:41:27","slug":"chamame-solidario-ya-se-envio-lo-recolectado-para-bahia-blanca","status":"publish","type":"post","link":"https:\/\/mascorrientes.com\/index.php\/2025\/03\/18\/chamame-solidario-ya-se-envio-lo-recolectado-para-bahia-blanca\/","title":{"rendered":"CHAMAM\u00c9 SOLIDARIO: YA SE ENVI\u00d3 LO RECOLECTADO PARA BAH\u00cdA BLANCA"},"content":{"rendered":"\n<p>El Subdirector de Defensa Civil, Bruno Lovinson confirm\u00f3 durante el \u201cChamam\u00e9 Solidario \u2013 Todos somos Bah\u00eda Blanca\u201d, se junt\u00f3 10 toneladas de mercader\u00eda en general, 5 mil litros de agua y 3 mil litros de desinfectante, entre otras cosas. Adem\u00e1s indic\u00f3 que los camiones con las donaciones ya viajaron hacia la ciudad bonaerense afectada por las inundaciones<\/p>\n\n\n\n<p>En la tarde de este lunes, en el Centro de Educaci\u00f3n F\u00edsica ubicado en las Mil Viviendas, el Subdirector de Defensa Civil, Bruno Lovinson coordin\u00f3 en representaci\u00f3n del Gobierno de Corrientes las tareas para llevar adelante la log\u00edstica para el env\u00edo de las donaciones recibidas por los correntinos y que ser\u00e1n enviadas a Bah\u00eda Blanca.<\/p>\n\n\n\n<p>Bruno Lovinson, Subdirector de Defensa Civil de la provincia al ser consultado sobre c\u00f3mo se estaba desarrollando el trabajo de ordenamiento y empaquetado de las mercader\u00edas y materiales de limpieza que se recibieron en la noche del domingo en el Anfiteatro dijo que se cargaron los caminaron y que en las \u00faltimas horas partieron hac\u00eda Bah\u00eda Blanca y adem\u00e1s manifest\u00f3 que \u201ccalculamos, que en 24 horas m\u00e1s estar\u00eda llegando la ayuda para los hermanos de Bah\u00eda Blanca\u201d.<\/p>\n\n\n\n<p>Seguidamente, al referirse sobre el operativo realizado, qu\u00e9 \u00e1reas del Gobierno participaron y a qu\u00e9 hora comenzaron ayer, recalc\u00f3 que \u201cla log\u00edstica que lleva un poco m\u00e1s de tiempo y se gest\u00f3 entre el Ministerio de Planificaci\u00f3n, que fue el propulsor de la movida a trav\u00e9s del Gobierno de Corrientes\u201d y con respecto al horario de comienzo de trabajo, Lovinson indic\u00f3 que \u201cel domingo a partir de las 8 y 9 de la ma\u00f1ana, ya tuvimos gente donando, as\u00ed que se empez\u00f3 a recibir, clasificar la mercader\u00eda, ordenarla fundamentalmente para poder trasladarla y durante todo el d\u00eda fue as\u00ed, mucho m\u00e1s afluencia de gente por la tarde-noche cuando se dio el festival mismo\u201d.<\/p>\n\n\n\n<p>\u201cY bueno, la verdad que fue un trabajo intenso hasta \u00faltimas horas de la madrugada estuvimos clasificando la mercader\u00eda para que est\u00e9 en orden y hoy, por supuesto, se est\u00e1 cargando para el transporte\u201d remarc\u00f3 el Subdirector de Defensa Civil.<\/p>\n\n\n\n<p>En referencia a los elementos donados por los correntinos, Lovinson coment\u00f3 que \u201cdonaron de todo, mercader\u00eda no perecedera en general, todo tipo de alimentos, elementos de limpieza, lavandina, desinfectantes, papel higi\u00e9nico, rollo de cocina, ropa y colchones, agua mineral son como 5.000 litros aproximadamente y bueno, otros elementos que se contabilizaron\u201d.<\/p>\n\n\n\n<p>Sobre la cantidad y la magnitud de las donaciones, el Subdirector revel\u00f3 que \u201crecibimos y contabilizamos 10 toneladas de mercader\u00eda en general, 5.000 litros de agua y aproximadamente 3.000 litros de desinfectante\u201d y sobre el traslado, el operativo que se desplegar\u00e1 y de qui\u00e9n recibir\u00e1 las donaciones en territorio bonaerense, remarc\u00f3 que \u201ca partir de ma\u00f1ana, ya cuando arribe el cami\u00f3n o el d\u00eda mi\u00e9rcoles por la ma\u00f1ana, la gente de Cruz Roja est\u00e1 aguardando la llegada del veh\u00edculo como para poder descargarlo e inmediatamente empezar la distribuci\u00f3n\u201d.<\/p>\n\n\n\n<p>Por \u00faltimo, Lovinson sobre la solidaridad de Corrientes destac\u00f3 que \u201centendemos que el correntino es una persona muy solidaria, lo ha demostrado siempre, lo demostramos en Malvinas fundamentalmente, pero tambi\u00e9n es devolver y retribuir tanta ayuda que recibimos en distintos tipos de eventos que hemos tenido de desastres\u201d y cerr\u00f3 diciendo: \u201cCorrientes hoy se presenta en el pueblo correntino con esta ayuda para poder ayudar a los hermanos de Buenos Aires\u201d.<\/p>\n","protected":false},"excerpt":{"rendered":"<p>El Subdirector de Defensa Civil, Bruno Lovinson confirm\u00f3 durante el \u201cChamam\u00e9 Solidario \u2013 Todos somos [&hellip;]<\/p>\n","protected":false},"author":1,"featured_media":900,"comment_status":"closed","ping_status":"closed","sticky":false,"template":"","format":"standard","meta":{"footnotes":""},"categories":[1],"tags":[],"class_list":["post-899","post","type-post","status-publish","format-standard","has-post-thumbnail","hentry","category-sin-categoria"],"_links":{"self":[{"href":"https:\/\/mascorrientes.com\/index.php\/wp-json\/wp\/v2\/posts\/899","targetHints":{"allow":["GET"]}}],"collection":[{"href":"https:\/\/mascorrientes.com\/index.php\/wp-json\/wp\/v2\/posts"}],"about":[{"href":"https:\/\/mascorrientes.com\/index.php\/wp-json\/wp\/v2\/types\/post"}],"author":[{"embeddable":true,"href":"https:\/\/mascorrientes.com\/index.php\/wp-json\/wp\/v2\/users\/1"}],"replies":[{"embeddable":true,"href":"https:\/\/mascorrientes.com\/index.php\/wp-json\/wp\/v2\/comments?post=899"}],"version-history":[{"count":1,"href":"https:\/\/mascorrientes.com\/index.php\/wp-json\/wp\/v2\/posts\/899\/revisions"}],"predecessor-version":[{"id":901,"href":"https:\/\/mascorrientes.com\/index.php\/wp-json\/wp\/v2\/posts\/899\/revisions\/901"}],"wp:featuredmedia":[{"embeddable":true,"href":"https:\/\/mascorrientes.com\/index.php\/wp-json\/wp\/v2\/media\/900"}],"wp:attachment":[{"href":"https:\/\/mascorrientes.com\/index.php\/wp-json\/wp\/v2\/media?parent=899"}],"wp:term":[{"taxonomy":"category","embeddable":true,"href":"https:\/\/mascorrientes.com\/index.php\/wp-json\/wp\/v2\/categories?post=899"},{"taxonomy":"post_tag","embeddable":true,"href":"https:\/\/mascorrientes.com\/index.php\/wp-json\/wp\/v2\/tags?post=899"}],"curies":[{"name":"wp","href":"https:\/\/api.w.org\/{rel}","templated":true}]}}