{"id":893,"date":"2025-03-18T23:32:20","date_gmt":"2025-03-18T23:32:20","guid":{"rendered":"https:\/\/mascorrientes.com\/?p=893"},"modified":"2025-03-18T23:32:20","modified_gmt":"2025-03-18T23:32:20","slug":"detuvieron-a-dos-hombres-por-el-robo-de-un-auto-en-la-cruz","status":"publish","type":"post","link":"https:\/\/mascorrientes.com\/index.php\/2025\/03\/18\/detuvieron-a-dos-hombres-por-el-robo-de-un-auto-en-la-cruz\/","title":{"rendered":"DETUVIERON A DOS HOMBRES POR EL ROBO DE UN AUTO EN LA CRUZ"},"content":{"rendered":"\n<p>La Polic\u00eda de Corrientes logr\u00f3 recuperar el veh\u00edculo luego de que los presuntos ladrones despistaran. Los sospechosos y el veh\u00edculo fueron puestos a disposici\u00f3n de la Justicia.<a href=\"https:\/\/www.facebook.com\/sharer.php?u=https%3A%2F%2Fwww.radiosudamericana.com%2Fnota%2Fpoliciales%2F324008-Detuvieron-a-dos-hombres-por-el-robo-de-un-auto-en-La-Cruz.htm\" target=\"_blank\" rel=\"noreferrer noopener\"><\/a><\/p>\n\n\n\n<p>En un operativo llevado a cabo este lunes al mediod\u00eda, efectivos de la Unidad Especial de Seguridad Rural y Ecol\u00f3gica de La Cruz, en conjunto con la unidad fiscal interviniente, lograron recuperar un autom\u00f3vil que hab\u00eda sido denunciado como robado y detuvieron a dos hombres presuntamente implicados en el hecho.<\/p>\n\n\n\n<p>El robo ocurri\u00f3 en una estancia de la localidad, donde personas a\u00fan no identificadas sustrajeron un Fiat Uno. A partir de la denuncia, los agentes iniciaron operativos de b\u00fasqueda en la zona, lo que llev\u00f3 al hallazgo del veh\u00edculo en inmediaciones de la Ruta Provincial N\u00b0114, en el Paraje Rinc\u00f3n Poi. El autom\u00f3vil hab\u00eda despistado en el lugar, lo que facilit\u00f3 la detenci\u00f3n de sus ocupantes, dos hombres de 44 y 55 a\u00f1os.<\/p>\n\n\n\n<p>Ambos fueron puestos a disposici\u00f3n de la Justicia y trasladados a la dependencia policial correspondiente, donde se contin\u00faa con las diligencias de rigor para esclarecer el caso.<\/p>\n\n\n\n<p><\/p>\n","protected":false},"excerpt":{"rendered":"<p>La Polic\u00eda de Corrientes logr\u00f3 recuperar el veh\u00edculo luego de que los presuntos ladrones despistaran. [&hellip;]<\/p>\n","protected":false},"author":1,"featured_media":894,"comment_status":"closed","ping_status":"closed","sticky":false,"template":"","format":"standard","meta":{"footnotes":""},"categories":[1],"tags":[],"class_list":["post-893","post","type-post","status-publish","format-standard","has-post-thumbnail","hentry","category-sin-categoria"],"_links":{"self":[{"href":"https:\/\/mascorrientes.com\/index.php\/wp-json\/wp\/v2\/posts\/893","targetHints":{"allow":["GET"]}}],"collection":[{"href":"https:\/\/mascorrientes.com\/index.php\/wp-json\/wp\/v2\/posts"}],"about":[{"href":"https:\/\/mascorrientes.com\/index.php\/wp-json\/wp\/v2\/types\/post"}],"author":[{"embeddable":true,"href":"https:\/\/mascorrientes.com\/index.php\/wp-json\/wp\/v2\/users\/1"}],"replies":[{"embeddable":true,"href":"https:\/\/mascorrientes.com\/index.php\/wp-json\/wp\/v2\/comments?post=893"}],"version-history":[{"count":1,"href":"https:\/\/mascorrientes.com\/index.php\/wp-json\/wp\/v2\/posts\/893\/revisions"}],"predecessor-version":[{"id":895,"href":"https:\/\/mascorrientes.com\/index.php\/wp-json\/wp\/v2\/posts\/893\/revisions\/895"}],"wp:featuredmedia":[{"embeddable":true,"href":"https:\/\/mascorrientes.com\/index.php\/wp-json\/wp\/v2\/media\/894"}],"wp:attachment":[{"href":"https:\/\/mascorrientes.com\/index.php\/wp-json\/wp\/v2\/media?parent=893"}],"wp:term":[{"taxonomy":"category","embeddable":true,"href":"https:\/\/mascorrientes.com\/index.php\/wp-json\/wp\/v2\/categories?post=893"},{"taxonomy":"post_tag","embeddable":true,"href":"https:\/\/mascorrientes.com\/index.php\/wp-json\/wp\/v2\/tags?post=893"}],"curies":[{"name":"wp","href":"https:\/\/api.w.org\/{rel}","templated":true}]}}