{"id":890,"date":"2025-03-18T23:30:37","date_gmt":"2025-03-18T23:30:37","guid":{"rendered":"https:\/\/mascorrientes.com\/?p=890"},"modified":"2025-03-18T23:30:38","modified_gmt":"2025-03-18T23:30:38","slug":"familia-responsabilizo-a-un-miembro-por-robos-en-el-barrio-no-le-importa-un-carajo","status":"publish","type":"post","link":"https:\/\/mascorrientes.com\/index.php\/2025\/03\/18\/familia-responsabilizo-a-un-miembro-por-robos-en-el-barrio-no-le-importa-un-carajo\/","title":{"rendered":"FAMILIA RESPONSABILIZ\u00d3 A UN MIEMBRO POR ROBOS EN EL BARRIO: &#8220;NO LE IMPORTA UN CARAJO&#8221;"},"content":{"rendered":"\n<p>Vecinos de Lomas del Mirador denunciaron reiterados hechos delictivos y se\u00f1alaron a una familia como responsable. En di\u00e1logo con Radio Sudamericana, el padre y la hermana del principal sospechoso dieron su versi\u00f3n de los hechos y pidieron ayuda para que siga detenido.<a href=\"https:\/\/www.facebook.com\/sharer.php?u=https%3A%2F%2Fwww.radiosudamericana.com%2Fnota%2Fpoliciales%2F324007-Familia-responsabilizo-a-un-miembro-por-robos-en-el-barrio--No-le-importa-un-carajo.htm\" target=\"_blank\" rel=\"noreferrer noopener\"><\/a><\/p>\n\n\n\n<p>Un grupo de vecinos del barrio Lomas del Mirador, en la ciudad de Corrientes,&nbsp;<strong><a href=\"https:\/\/www.radiosudamericana.com\/nota\/sociedad\/323859-Denuncian-a-familia-por-presuntos-robos-y-caos--Me-desvalijaron.htm\">denunci\u00f3 una serie de robos<\/a><\/strong>&nbsp;y exigi\u00f3 la intervenci\u00f3n de las autoridades para desalojar a una familia que, seg\u00fan ellos, estar\u00eda involucrada en los delitos. Sin embargo, integrantes de ese grupo familiar se comunicaron con Radio Sudamericana para dar su versi\u00f3n y se\u00f1alaron a un miembro de la familia como el \u00fanico responsable de los robos.<\/p>\n\n\n\n<p>El caso se dio en la zona de calle Sicilia y Costanera, donde los vecinos manifestaron su indignaci\u00f3n y aseguraron haber sufrido reiterados hechos delictivos. De acuerdo con informaci\u00f3n policial, el principal sospechoso se encuentra detenido en la Comisar\u00eda Novena de la capital correntina. Su padre y su hermana, en tanto, se defendieron de las acusaciones y explicaron que el joven atraviesa problemas de adicci\u00f3n.<\/p>\n\n\n\n<p><em><strong>\u201c\u00c9l aprovecha cuando nosotros dormimos o cuando salimos y se droga en la calle. Anda robando a los vecinos. Yo entiendo la bronca de los vecinos, pero a nosotros nos cuesta tener nuestras cosas\u201d<\/strong><\/em>, expres\u00f3 el padre del acusado para Radio Sudamericana.<\/p>\n\n\n\n<p>El hombre asegur\u00f3 que ya solicit\u00f3 una restricci\u00f3n de acercamiento para su propio hijo, con el objetivo de protegerse y evitar m\u00e1s conflictos con la comunidad.&nbsp;<strong><em>\u201cHice la denuncia, ped\u00ed que no se acerque a mi casa, pero la gente del barrio toma represalias contra nosotros, contra mis otros hijos que no tienen nada que ver\u201d<\/em><\/strong>, lament\u00f3.<\/p>\n\n\n\n<p>Visiblemente afectado, el padre reconoci\u00f3 el da\u00f1o que su hijo ha causado y se\u00f1al\u00f3 la violencia con la que algunos vecinos respondieron:&nbsp;<strong><em>\u201cYo los entiendo por la bronca de ello, por el desastre que hace mi hijo, pero yo creer\u00eda que ellos tendr\u00edan que tomar conciencia y decir, \u00b4bueno, vamos a agarrar a este pendejo y hacerlo pelota\u00b4, pero no molestar a la familia porque nosotros no molestamos\u201d<\/em><\/strong>, afirm\u00f3.<\/p>\n\n\n\n<p>Y agreg\u00f3:&nbsp;<strong><em>\u201cToca las cosas de los vecinos, no le importa un carajo. No le importa directamente la familia, porque no piensa en la familia, los hermanos, en la criatura que hay en la casa\u201d.<\/em><\/strong><\/p>\n\n\n\n<p>Por su parte, la hermana del acusado pidi\u00f3 a los vecinos que no tomen represalias contra el resto de la familia y apunt\u00f3 contra un hombre al que identific\u00f3 como el principal instigador del conflicto.<\/p>\n\n\n\n<p><strong><em>\u201cNosotros no tenemos nada que ver, es \u00e9l el que roba y se droga. Y si lo hace, es culpa del Masei. \u00c9l es el responsable de que nuestra casa est\u00e9 as\u00ed y de que nos tiren cascotes\u201d<\/em><\/strong>, denunci\u00f3 la mujer.<\/p>\n\n\n\n<p>En medio de la desesperaci\u00f3n, la familia solicit\u00f3 ayuda a las autoridades para que el joven permanezca detenido el mayor tiempo posible.&nbsp;<strong><em>\u201cNo puede ser que nosotros estemos pagando el da\u00f1o que \u00e9l le hace a los dem\u00e1s\u201d<\/em><\/strong>, expres\u00f3 la hermana.<\/p>\n\n\n\n<p>Mientras que la joven se mostr\u00f3 firme en su decisi\u00f3n de permanecer en el barrio, el padre confes\u00f3 que puso en venta su casa para evitar problemas.&nbsp;<strong><em>\u201cMe quiero mandar a mudar porque ya no quiero seguir m\u00e1s\u201d<\/em><\/strong>, afirm\u00f3.<\/p>\n\n\n\n<p><\/p>\n","protected":false},"excerpt":{"rendered":"<p>Vecinos de Lomas del Mirador denunciaron reiterados hechos delictivos y se\u00f1alaron a una familia como [&hellip;]<\/p>\n","protected":false},"author":1,"featured_media":891,"comment_status":"closed","ping_status":"closed","sticky":false,"template":"","format":"standard","meta":{"footnotes":""},"categories":[1],"tags":[],"class_list":["post-890","post","type-post","status-publish","format-standard","has-post-thumbnail","hentry","category-sin-categoria"],"_links":{"self":[{"href":"https:\/\/mascorrientes.com\/index.php\/wp-json\/wp\/v2\/posts\/890","targetHints":{"allow":["GET"]}}],"collection":[{"href":"https:\/\/mascorrientes.com\/index.php\/wp-json\/wp\/v2\/posts"}],"about":[{"href":"https:\/\/mascorrientes.com\/index.php\/wp-json\/wp\/v2\/types\/post"}],"author":[{"embeddable":true,"href":"https:\/\/mascorrientes.com\/index.php\/wp-json\/wp\/v2\/users\/1"}],"replies":[{"embeddable":true,"href":"https:\/\/mascorrientes.com\/index.php\/wp-json\/wp\/v2\/comments?post=890"}],"version-history":[{"count":1,"href":"https:\/\/mascorrientes.com\/index.php\/wp-json\/wp\/v2\/posts\/890\/revisions"}],"predecessor-version":[{"id":892,"href":"https:\/\/mascorrientes.com\/index.php\/wp-json\/wp\/v2\/posts\/890\/revisions\/892"}],"wp:featuredmedia":[{"embeddable":true,"href":"https:\/\/mascorrientes.com\/index.php\/wp-json\/wp\/v2\/media\/891"}],"wp:attachment":[{"href":"https:\/\/mascorrientes.com\/index.php\/wp-json\/wp\/v2\/media?parent=890"}],"wp:term":[{"taxonomy":"category","embeddable":true,"href":"https:\/\/mascorrientes.com\/index.php\/wp-json\/wp\/v2\/categories?post=890"},{"taxonomy":"post_tag","embeddable":true,"href":"https:\/\/mascorrientes.com\/index.php\/wp-json\/wp\/v2\/tags?post=890"}],"curies":[{"name":"wp","href":"https:\/\/api.w.org\/{rel}","templated":true}]}}