{"id":860,"date":"2025-01-09T13:48:15","date_gmt":"2025-01-09T13:48:15","guid":{"rendered":"https:\/\/mascorrientes.com\/?p=860"},"modified":"2025-01-09T13:48:15","modified_gmt":"2025-01-09T13:48:15","slug":"villarruel-prorrogo-el-congelamiento-de-las-dietas-de-los-senadores","status":"publish","type":"post","link":"https:\/\/mascorrientes.com\/index.php\/2025\/01\/09\/villarruel-prorrogo-el-congelamiento-de-las-dietas-de-los-senadores\/","title":{"rendered":"VILLARRUEL PRORROG\u00d3 EL CONGELAMIENTO DE LAS DIETAS DE LOS SENADORES"},"content":{"rendered":"\n<p>La definici\u00f3n se consum\u00f3 tras los movimientos de la Vicepresidenta de las \u00faltimas semanas, que deriv\u00f3 en presentaciones de distintas notas para estirar la medida.<\/p>\n\n\n\n<p>La estrategia -l\u00f3gica- de la Vicepresidenta, Victoria Villarruel, sobre el futuro de los sueldos de los legisladores, tuvo efecto. Tras diversas notas presentadas por los jefes de diversas bancadas de la C\u00e1mara alta,\u00a0<strong>la titular del Senado firm\u00f3 este jueves una resoluci\u00f3n para\u00a0prorrogar el congelamiento de las dietas hasta el 31 de marzo pr\u00f3ximo<\/strong>. Es decir,\u00a0<strong>hasta un mes despu\u00e9s de iniciado el nuevo per\u00edodo de sesiones ordinarias<\/strong>, por lo que una pr\u00f3xima definici\u00f3n en cuanto a este tema quedar\u00e1 en manos del recinto.<\/p>\n\n\n\n<p>El martes \u00faltimo, las presentaciones de diversas misivas a Villarruel desde diferentes bloques, como La Libertad Avanza, el Pro, Provincias Unidas, los misioneros renovadores -no massistas- y el aliado oficialista Francisco Paoltroni, entre otros -no aparece la bancada kirchnerista-, liberaron el camino que procur\u00f3 la Vicepresidenta para que la resoluci\u00f3n de esta tarde tuviera volumen y justificaci\u00f3n.<\/p>\n\n\n\n<p>\u201c<strong><em>He firmado el Decreto que ordena el congelamiento de las dietas de los senadores hasta el 31 de marzo de 2025 para que lo traten en sesiones ordinarias. Adhirieron a mi pedido los bloques Frente Renovador de la Concordia Social, PRO, UCR, Las Provincias Unidas y Libertad, Trabajo y Progreso.&nbsp;Es mi intenci\u00f3n que el Senado acompa\u00f1e al pueblo argentino en el esfuerzo que se est\u00e1 haciendo<\/em><\/strong>\u201d, se\u00f1al\u00f3 Villarruel en la red X.<\/p>\n\n\n\n<p>Para entender el embrollo que se destrab\u00f3 esta tarde, que la Casa Rosada utiliz\u00f3 para limar a la vicepresidenta y titular del Senado, hay que retrotraerse a abril pasado, cuando los hoy pelead\u00edsimos oficialismo y oposici\u00f3n pactaron un nuevo sistema de dietas y lo aprobaron en el recinto.&nbsp;<strong>Desde ah\u00ed, los mismos pasaron a estar&nbsp;compuestos por 2.500 m\u00f3dulos, m\u00e1s un adicional de 1.000 por gastos de representaci\u00f3n y 500 extra, por desarraigo.<\/strong><\/p>\n\n\n\n<p>Sobre este \u00faltimo punto, s\u00f3lo cuatro no lo reciben.<strong>&nbsp;Adem\u00e1s, los legisladores se agregaron una dieta m\u00e1s a las 12 actuales para compensar el aguinaldo, que es de $2,5 millones en mano y se sald\u00f3 durante la jornada de hoy<\/strong>. Esto represent\u00f3, desde mayo pasado,&nbsp;<strong>m\u00e1s de $7 millones en bruto que cobran en la actualidad<\/strong>.&nbsp;La \u00fanica senadora que no entra en esta l\u00f3gica es Alicia Kirchner: cuando ingres\u00f3 en la C\u00e1mara alta prefiri\u00f3 mantener su jubilaci\u00f3n, como inform\u00f3 meses atr\u00e1s este medio.&nbsp;<strong>Si no se frenaba la actualizaci\u00f3n del corriente mes, los representantes de las provincias iban a pasar a m\u00e1s de $9 millones en bruto<\/strong>.<\/p>\n\n\n\n<p>Tras la pol\u00e9mica generada ante el pen\u00faltimo aumento otorgado a empleados legislativos -que estaba atado al de los senadores- del 6,6% para julio y agosto, el pleno de la C\u00e1mara alta anul\u00f3 la suba en cuesti\u00f3n y congel\u00f3 sus dietas hasta el 31 de diciembre, en una votaci\u00f3n un\u00e1nime, con 65 adhesiones.<\/p>\n\n\n\n<p>En noviembre pasado, en un movimiento que ayud\u00f3 a descomprimir la presi\u00f3n y bajar las fuertes cr\u00edticas de empleados cumplidores -suelen ser los m\u00e1s perjudicados- contra los gremios legislativos -APL, de&nbsp;Norberto Di Pr\u00f3spero,&nbsp;el sindicato m\u00e1s importante-, el Congreso cerr\u00f3 una paritaria casi id\u00e9ntica a la del Ejecutivo con estatales: una suba de 6,13% -acumulado-, de septiembre a diciembre.&nbsp;No corri\u00f3 para los senadores, que ten\u00edan vigente el congelamiento hasta fin de a\u00f1o. Por eso el apuro de estos d\u00edas para evitar una nueva guerra.<\/p>\n\n\n\n<p><strong>Con la resoluci\u00f3n de Villarruel, la cuesti\u00f3n de las dietas queda apaciguada hasta el 31 de marzo pr\u00f3ximo<\/strong>. Previo o posterior a eso,&nbsp;ser\u00e1n los propios senadores quienes tendr\u00e1n que analizar qu\u00e9 camino adoptar ante pr\u00f3ximos aumentos de los m\u00f3dulos con los que se rige la C\u00e1mara alta para calcular los haberes. Junto a esto&nbsp;se desactiva un punto extra que ten\u00eda la Casa Rosada para pegarle, sin motivo alguno, a la Vicepresidenta.<\/p>\n","protected":false},"excerpt":{"rendered":"<p>La definici\u00f3n se consum\u00f3 tras los movimientos de la Vicepresidenta de las \u00faltimas semanas, que [&hellip;]<\/p>\n","protected":false},"author":1,"featured_media":861,"comment_status":"closed","ping_status":"closed","sticky":false,"template":"","format":"standard","meta":{"footnotes":""},"categories":[1],"tags":[],"class_list":["post-860","post","type-post","status-publish","format-standard","has-post-thumbnail","hentry","category-sin-categoria"],"_links":{"self":[{"href":"https:\/\/mascorrientes.com\/index.php\/wp-json\/wp\/v2\/posts\/860","targetHints":{"allow":["GET"]}}],"collection":[{"href":"https:\/\/mascorrientes.com\/index.php\/wp-json\/wp\/v2\/posts"}],"about":[{"href":"https:\/\/mascorrientes.com\/index.php\/wp-json\/wp\/v2\/types\/post"}],"author":[{"embeddable":true,"href":"https:\/\/mascorrientes.com\/index.php\/wp-json\/wp\/v2\/users\/1"}],"replies":[{"embeddable":true,"href":"https:\/\/mascorrientes.com\/index.php\/wp-json\/wp\/v2\/comments?post=860"}],"version-history":[{"count":1,"href":"https:\/\/mascorrientes.com\/index.php\/wp-json\/wp\/v2\/posts\/860\/revisions"}],"predecessor-version":[{"id":862,"href":"https:\/\/mascorrientes.com\/index.php\/wp-json\/wp\/v2\/posts\/860\/revisions\/862"}],"wp:featuredmedia":[{"embeddable":true,"href":"https:\/\/mascorrientes.com\/index.php\/wp-json\/wp\/v2\/media\/861"}],"wp:attachment":[{"href":"https:\/\/mascorrientes.com\/index.php\/wp-json\/wp\/v2\/media?parent=860"}],"wp:term":[{"taxonomy":"category","embeddable":true,"href":"https:\/\/mascorrientes.com\/index.php\/wp-json\/wp\/v2\/categories?post=860"},{"taxonomy":"post_tag","embeddable":true,"href":"https:\/\/mascorrientes.com\/index.php\/wp-json\/wp\/v2\/tags?post=860"}],"curies":[{"name":"wp","href":"https:\/\/api.w.org\/{rel}","templated":true}]}}