{"id":847,"date":"2025-01-09T13:31:51","date_gmt":"2025-01-09T13:31:51","guid":{"rendered":"https:\/\/mascorrientes.com\/?p=847"},"modified":"2025-01-09T13:34:12","modified_gmt":"2025-01-09T13:34:12","slug":"el-ballet-oficial-de-la-fnch-prepara-estrenos-y-homenajes","status":"publish","type":"post","link":"https:\/\/mascorrientes.com\/index.php\/2025\/01\/09\/el-ballet-oficial-de-la-fnch-prepara-estrenos-y-homenajes\/","title":{"rendered":"EL BALLET OFICIAL DE LA FNCH PREPARA ESTRENOS Y HOMENAJES"},"content":{"rendered":"\n<p>Se viene para una nueva edici\u00f3n de la mayor celebraci\u00f3n chamamecera, organizada por el Gobierno de la Provincia, a trav\u00e9s del Instituto de Cultura, y avanzan los ensayos del Ballet Oficial de la Fiesta para que la danza sea nuevamente protagonista, desde el 17 de enero, en el anfiteatro Mario del Tr\u00e1nsito Cocomarola. &nbsp;<\/p>\n\n\n\n<p>Bajo la direcci\u00f3n del maestro Luis Marinoni, este seleccionado de 40 bailarines prepara un repertorio de primer nivel, que incluir\u00e1 cuadros que ya son cl\u00e1sicos, como el Mencho Correntino, estrenos que buscar\u00e1n rendir tributo a la identidad correntina y homenajear a la guarania paraguaya \u2013declarada patrimonio cultural inmaterial de la humanidad-, y un cuadro especial que promete emocionar, recordando a grandes figuras del chamam\u00e9.<\/p>\n\n\n\n<p>El director del Ballet Oficial de la Fiesta Nacional del Chamam\u00e9 destac\u00f3 varios aspectos del trabajo de preparaci\u00f3n que vienen realizando, el rendimiento y compromiso de los bailarines, as\u00ed como el rol esc\u00e9nico inigualable que despliega el elenco durante las diez noches en el anfiteatro Cocomarola.<\/p>\n\n\n\n<p>Todos los a\u00f1os, el Ballet Oficial tiene un trabajo intenso de ensayos desde los primeros d\u00edas de diciembre, aunque durante el a\u00f1o se planifican cada una de las intervenciones del elenco. Orientados por el lema de cada nueva edici\u00f3n renuevan algunos cuadros, mientras que otros se estrenan. Este a\u00f1o en particular, en formato de ciclo, se presentar\u00e1n core\u00f3grafos invitados de la regi\u00f3n que traer\u00e1n su impronta.<\/p>\n\n\n\n<p>De las 40 personas que conforman este a\u00f1o el elenco, un porcentaje interesante lo integrar\u00e1 por primera vez, mientras que la otra parte ya forma parte del mismo hace varios a\u00f1os. Esa experiencia que se va adquiriendo con el tiempo, expres\u00f3 Marinoni, habla del estilo y la forma que el Ballet fue madurando, conoce de antemano c\u00f3mo ser\u00e1n los ensayos y las exigencias del momento y se comparte y transmite, a su vez, a los nuevos integrantes.<\/p>\n\n\n\n<h2 class=\"wp-block-heading\"><strong>Propuestas<\/strong><\/h2>\n\n\n\n<p>El director del Ballet Oficial se refiri\u00f3 al contenido de las propuestas a estrenar y cu\u00e1les ser\u00e1n las que podr\u00e1n verse nuevamente.<\/p>\n\n\n\n<p>Una de ellas, tiene que ver con&nbsp;\u201cCelebrantes\u201d, ciclo de presentaciones con core\u00f3grafos invitados. En este caso, el Ballet Oficial celebrar\u00e1 los acentos y existencia de personalidades sustanciales del chamam\u00e9 y sus variantes litorale\u00f1as. Un espacio necesario para la diversidad no s\u00f3lo en conceptos de origen, tr\u00e1nsito y visi\u00f3n futura de los hombres y mujeres del litoral, sino tambi\u00e9n para visualizar y reconocer la tarea de maestros, maestras, core\u00f3grafos y core\u00f3grafas regionales para homenajear a los que partieron, a los que dejaron huella, a los eternos constructores de la identidad due\u00f1os del \u201cAv\u00edo del alma\u201d.<\/p>\n\n\n\n<p>En este ciclo habr\u00e1 core\u00f3grafas invitadas, una de ellas ser\u00e1 Andrea Fern\u00e1ndez quien presentar\u00e1 una alegor\u00eda al patriarca del Chamam\u00e9, Tarrago Ros, y Gabriela Avalos har\u00e1 un homenaje a Ofelia Leiva. Est\u00e1 previsto un tercer invitado que ser\u00e1 parte del ciclo.<\/p>\n\n\n\n<p>Otro aspecto a resaltar del ciclo son las obras a estrenar como \u201cBienvenida a la Virgen de Itat\u00ed\u201d, ritual tradicional de la din\u00e1mica de la Fiesta para recordar y celebrar a Alfredo Ellero, el primer d\u00eda de la Fiesta, con el primer movimiento art\u00edstico de la misma y de la fe que es recibir la bendici\u00f3n de Mar\u00eda de Itat\u00ed.<\/p>\n\n\n\n<p>Una segunda obra es&nbsp;\u201cSavia Vegetal\u201d, en homenaje a Ram\u00f3n Ayala, y para destacar la po\u00e9tica del Litoral argentino con su manera de contar el paisaje, El Cosechero fue el tema elegido en la versi\u00f3n de Gonzalo Bernal. El Ballet propondr\u00e1 uno de sus tantos di\u00e1logos disruptivos para contemplar el gusto de otros espectadores.&nbsp;<\/p>\n\n\n\n<p>\u201cOfrenda a la Virgen de Itat\u00ed\u201d,\u00a0una tercera obra a estrenar, como parte esencial en la religiosidad del pueblo correntino. El lema \u201cChamam\u00e9, av\u00edo del alma\u201d les permiti\u00f3 hacer una introspecci\u00f3n sobre la emocionalidad y la identidad el hombre y la mujer correntinos. En ese cuadro le reconoce una posici\u00f3n importante a la Fe, como manifestaci\u00f3n de la regi\u00f3n guaran\u00ed, por eso un elenco invitado de Paraguay har\u00e1 su ofrenda a la Virgen de CaaCup\u00e9 y ser\u00e1 un encuentro entre las culturas paraguaya y argentina.<\/p>\n\n\n\n<p>\u201cGuarania de la Humanidad \u2013 el Chamam\u00e9 te abraza\u201d, ser\u00e1 la cuarta obra a estrenar, y estar\u00e1 dedicada al pueblo paraguayo. Enfatizar\u00e1 el logro de la Guarania como Patrimonio Cultural Inmaterial de la Humanidad, reconociendo que los fen\u00f3menos musicales folcl\u00f3ricos de la regi\u00f3n toman relevancia mundial. El Ballet interpretar\u00e1 la vida de su creador Jos\u00e9 Asunci\u00f3n Flores, una puesta emocionante que versa de su creador, sus amigos, su madre, su infancia, sus experiencias con la m\u00fasica y su encuentro con las penas y necesidades del ser paraguayo que necesit\u00f3 de la Guarania para poder hablar y cantar lo m\u00e1s profundo del coraz\u00f3n guaran\u00ed.<\/p>\n\n\n\n<p>\u201cNaci\u00f3n de los H\u00e9roes\u201d&nbsp;subir\u00e1 a escena nuevamente, y all\u00ed se encuentran a los grandes h\u00e9roes y hero\u00ednas de la Patria Grande, as\u00ed como a los reconocidos correntinos que han tenido un rol significativo en la defensa de la soberan\u00eda argentina. Celebran la Soberan\u00eda Nacional desde Corrientes con danzas antiguas del Litoral y una proyecci\u00f3n del chamam\u00e9 Sargento Cabral.<\/p>\n\n\n\n<p>\u201cMencho Correntino\u201d, nunca una obra coreogr\u00e1fica ha contado tanta magia rodeada del campo adentro correntino. Es un tributo a la sangre visceral del pueblo correntino, tiene polvo de las bailantas de tierra y amor\u00edos alegres de dichos candorosos y sin dobleces. Aplaudida por el p\u00fablico de pie en las noches de Fiesta, vuelve esta obra para los corazones a ritmo de chamam\u00e9.<\/p>\n\n\n\n<p>\u201cLa Belle Epoque\u201d, emblem\u00e1tica y monumental obra que evoca los a\u00f1os dorados de le Belle Epoque Correntina (La bella \u00e9poca correntina), los paseos de la tertulia, los bailes de carnaval en los salones del Teatro Vera, su inauguraci\u00f3n y sus pasos en el tiempo. Grabada en la emoci\u00f3n de los correntinos, esta obra se nutre de la m\u00edstica atrapada en los rincones del amado Teatro Vera, en una puesta en escena de nivel internacional por su producci\u00f3n y narrativa, donde sobresalen las pinturas de la c\u00fapula mayor pintada por el artista Jos\u00e9 Ram\u00edrez en un homenaje a la correntinidad y sus valores culturales y de identidad.<\/p>\n","protected":false},"excerpt":{"rendered":"<p>Se viene para una nueva edici\u00f3n de la mayor celebraci\u00f3n chamamecera, organizada por el Gobierno [&hellip;]<\/p>\n","protected":false},"author":1,"featured_media":848,"comment_status":"closed","ping_status":"closed","sticky":false,"template":"","format":"standard","meta":{"footnotes":""},"categories":[1],"tags":[],"class_list":["post-847","post","type-post","status-publish","format-standard","has-post-thumbnail","hentry","category-sin-categoria"],"_links":{"self":[{"href":"https:\/\/mascorrientes.com\/index.php\/wp-json\/wp\/v2\/posts\/847","targetHints":{"allow":["GET"]}}],"collection":[{"href":"https:\/\/mascorrientes.com\/index.php\/wp-json\/wp\/v2\/posts"}],"about":[{"href":"https:\/\/mascorrientes.com\/index.php\/wp-json\/wp\/v2\/types\/post"}],"author":[{"embeddable":true,"href":"https:\/\/mascorrientes.com\/index.php\/wp-json\/wp\/v2\/users\/1"}],"replies":[{"embeddable":true,"href":"https:\/\/mascorrientes.com\/index.php\/wp-json\/wp\/v2\/comments?post=847"}],"version-history":[{"count":2,"href":"https:\/\/mascorrientes.com\/index.php\/wp-json\/wp\/v2\/posts\/847\/revisions"}],"predecessor-version":[{"id":851,"href":"https:\/\/mascorrientes.com\/index.php\/wp-json\/wp\/v2\/posts\/847\/revisions\/851"}],"wp:featuredmedia":[{"embeddable":true,"href":"https:\/\/mascorrientes.com\/index.php\/wp-json\/wp\/v2\/media\/848"}],"wp:attachment":[{"href":"https:\/\/mascorrientes.com\/index.php\/wp-json\/wp\/v2\/media?parent=847"}],"wp:term":[{"taxonomy":"category","embeddable":true,"href":"https:\/\/mascorrientes.com\/index.php\/wp-json\/wp\/v2\/categories?post=847"},{"taxonomy":"post_tag","embeddable":true,"href":"https:\/\/mascorrientes.com\/index.php\/wp-json\/wp\/v2\/tags?post=847"}],"curies":[{"name":"wp","href":"https:\/\/api.w.org\/{rel}","templated":true}]}}