{"id":840,"date":"2024-12-03T08:23:30","date_gmt":"2024-12-03T08:23:30","guid":{"rendered":"https:\/\/mascorrientes.com\/?p=840"},"modified":"2024-12-03T08:23:30","modified_gmt":"2024-12-03T08:23:30","slug":"se-cerro-un-ciclo-de-capacitacion-en-presupuesto-control-de-fondos-publicos-y-liderazgo-situacional","status":"publish","type":"post","link":"https:\/\/mascorrientes.com\/index.php\/2024\/12\/03\/se-cerro-un-ciclo-de-capacitacion-en-presupuesto-control-de-fondos-publicos-y-liderazgo-situacional\/","title":{"rendered":"SE CERR\u00d3 UN CICLO DE CAPACITACI\u00d3N EN PRESUPUESTO, CONTROL DE FONDOS P\u00daBLICOS Y LIDERAZGO SITUACIONAL"},"content":{"rendered":"\n<p>Este lunes, en Santo Tom\u00e9 se realiz\u00f3 el octavo encuentro en el a\u00f1o de este programa destinado a los funcionarios de las \u00e1reas econ\u00f3micas de las comunas correntinas. Fue dise\u00f1ado por el Ministerio de Hacienda y Finanzas, por instrucci\u00f3n del gobernador Gustavo Vald\u00e9s. Los temas: presupuesto municipal, finanzas, el control de los fondos p\u00fablicos y liderazgo situacional en gesti\u00f3n, entre otros aspectos importantes en la Administraci\u00f3n.<\/p>\n\n\n\n<p>El Gobierno de Corrientes y los municipios cerraron un in\u00e9dito ciclo de capacitaci\u00f3n destinado a los funcionarios de las \u00e1reas econ\u00f3micas de las comunas. Con la realizaci\u00f3n de la 8\u00b0 reuni\u00f3n, que se desarroll\u00f3 este lunes en Santo Tom\u00e9, la Provincia, a trav\u00e9s del Ministerio de Hacienda y Finanzas, form\u00f3 en presupuesto municipal, finanzas, el control de los fondos p\u00fablicos y liderazgo situacional en gesti\u00f3n, entre otros aspectos importantes en la Administraci\u00f3n.<\/p>\n\n\n\n<p>El ciclo, instruido por el gobernador Gustavo Vald\u00e9s y dise\u00f1ado por el Ministerio de Hacienda y Finanzas, se realiz\u00f3 durante el a\u00f1o; estuvo encabezado por el jefe de la cartera econ\u00f3mica correntina, Marcelo Rivas Piasenti. Participaron la coordinadora y el subcoordinador del Consejo Federal de Responsabilidad Fiscal, Patricia Farah, y Leonardo Pistone; y los coordinadores y capacitadores de este Programa fueron Rita Larroca y Marcelo Arecco.<\/p>\n\n\n\n<p>Se cont\u00f3 aderm\u00e1s con la presencia del subsecretario de Finanzas de Corrientes, H\u00e9ctor Grachot; y el t\u00e9cnico de la Direcci\u00f3n P\u00fablica del Ministerio de Hacienda y Finanzas, Nicol\u00e1s Escotorin. La jornada de cierre del ciclo 2024, que se realiz\u00f3 en Santo Tom\u00e9, comenz\u00f3 a las 11, en dependencia de la extensi\u00f3n de la Universidad Nacional del Nordeste (UNNE), lindera con el Palacio Municipal&nbsp;por calle \u00c1ngel Blanco 551.<\/p>\n\n\n\n<p>El anfitri\u00f3n de este encuentro fue el secretario de Hacienda de la municipalidad de Santo, Tom\u00e9 Hugo Insausti.<\/p>\n\n\n\n<h2 class=\"wp-block-heading\"><strong>Rendici\u00f3n de cuentas<\/strong><\/h2>\n\n\n\n<p>En esta \u00faltima jornada, se desarroll\u00f3 como uno de los temas las rendiciones de cuentas de los fondos recibidos por los municipios en concepto del 1% de coparticipaci\u00f3n, con afectaci\u00f3n espec\u00edfica de gastos de capital y que se rinden a los Ministerios de Hacienda y Finanzas, y de Coordinaci\u00f3n y Planificaci\u00f3n de Corrientes.<\/p>\n\n\n\n<p>&#8220;El enfoque es el objetivo de la transparencia de la gesti\u00f3n, como lo indica una de las reglas de la norma de Responsabilidad Fiscal&#8221;, explic\u00f3 la coordinadora Larroca. Es un aspecto importante y que se vincula con otro tema de esta capacitaci\u00f3n como lo es el Presupuesto por programa, con la meta de implementaci\u00f3n pr\u00f3ximamente en los municipios correntinos.<\/p>\n\n\n\n<p>La coordinadora de Responsabilidad Fiscal, Patricia Farah, expuso la conclusi\u00f3n sobre las reglas fiscales, necesarias para implementar en los municipios y coordinador con la Provincia. En este aspecto, es necesario que entre los secretarios y funcionarios de hacienda de las comunas haya acuerdo y articulen el intercambio de informaci\u00f3n.<\/p>\n\n\n\n<h2 class=\"wp-block-heading\"><strong>Conclusi\u00f3n<\/strong><\/h2>\n\n\n\n<p>&#8220;Esta convocatoria a capacitarse, que realiz\u00f3 el Ministerio de Hacienda y Finanzas, tuvo muy buena respuesta por parte de los municipios. Hemos visto que muchas comunas, con el transcurrir de este programa, iniciaron el proceso de cambio hacia la calidad institucional. Es uno de los grandes objetivos de este ciclo, poder ir en proceso a unificar los clasificadores a lo largo de la Provincia&#8221;, destac\u00f3 la coordinadora Rita Larroca.<\/p>\n\n\n\n<p><strong>Herramientas de cambio, desarrollo y crecimiento<\/strong><\/p>\n\n\n\n<p>&#8220;La vinculaci\u00f3n actual en el mundo es en modo entorno VICA, que significa, de manera vol\u00e1til, incierto, complejo y ambiguo. En este contexto, \u00bfc\u00f3mo hago para establecer un proceso de cambio?, buscando la motivaci\u00f3n, el liderazgo, no nos podemos quedar atr\u00e1s&#8221;, explic\u00f3 el coordinador Arecco. En este aspecto, la capacitaci\u00f3n es importante para dotar de herramientas que permitan alcanzar un equipo de trabajo, efectivo, eficaz, con liderazgo situacional con impacto positivo.<\/p>\n\n\n\n<p><strong>Municipios presentes<\/strong><\/p>\n\n\n\n<p>Adem\u00e1s de funcionarios de la Secretar\u00eda de Econom\u00eda local, anfitriona de esta jornada de cierre de ciclo, participaron de las \u00e1reas econ\u00f3micas de las municipalidades de la Capital, El Sombrero, Goya, Perugorr\u00eda, Santa Ana, Curuz\u00fa Cuati\u00e1, General Alvear, Empedrado, Riachuelo, Gobernador Mart\u00ednez, Itat\u00ed, Juan Pujol, Ca\u00e1 Cat\u00ed, El Caim\u00e1n, Santa Rosa, Carolina, Colonia Libertad, It\u00e1 Ibat\u00e9, Bella Vista y Esquina.<\/p>\n\n\n\n<p><strong>Aniversario de adhesi\u00f3n a Responsabilidad Fiscal<\/strong><\/p>\n\n\n\n<p>Este lunes 2 de diciembre, se cumplen 15 a\u00f1os de la adhesi\u00f3n de la provincia de Corrientes a la ley sobre el r\u00e9gimen de Responsabilidad Fiscal. La sancionada Ley 5.932 en Corrientes, dice en su art\u00edculo primero: adhi\u00e9rese la Provincia de Corrientes, a la Ley Nacional N\u00ba 26.530 modificatoria de la Ley Nacional N\u00ba 25.917 de R\u00e9gimen Federal de Responsabilidad Fiscal.<a href=\"https:\/\/www.radiosudamericana.com\/notix\/multimedia\/imagenes\/fotos\/2024-12-02\/770008.jpg\"><\/a><\/p>\n","protected":false},"excerpt":{"rendered":"<p>Este lunes, en Santo Tom\u00e9 se realiz\u00f3 el octavo encuentro en el a\u00f1o de este [&hellip;]<\/p>\n","protected":false},"author":1,"featured_media":841,"comment_status":"closed","ping_status":"closed","sticky":false,"template":"","format":"standard","meta":{"footnotes":""},"categories":[1],"tags":[],"class_list":["post-840","post","type-post","status-publish","format-standard","has-post-thumbnail","hentry","category-sin-categoria"],"_links":{"self":[{"href":"https:\/\/mascorrientes.com\/index.php\/wp-json\/wp\/v2\/posts\/840","targetHints":{"allow":["GET"]}}],"collection":[{"href":"https:\/\/mascorrientes.com\/index.php\/wp-json\/wp\/v2\/posts"}],"about":[{"href":"https:\/\/mascorrientes.com\/index.php\/wp-json\/wp\/v2\/types\/post"}],"author":[{"embeddable":true,"href":"https:\/\/mascorrientes.com\/index.php\/wp-json\/wp\/v2\/users\/1"}],"replies":[{"embeddable":true,"href":"https:\/\/mascorrientes.com\/index.php\/wp-json\/wp\/v2\/comments?post=840"}],"version-history":[{"count":1,"href":"https:\/\/mascorrientes.com\/index.php\/wp-json\/wp\/v2\/posts\/840\/revisions"}],"predecessor-version":[{"id":842,"href":"https:\/\/mascorrientes.com\/index.php\/wp-json\/wp\/v2\/posts\/840\/revisions\/842"}],"wp:featuredmedia":[{"embeddable":true,"href":"https:\/\/mascorrientes.com\/index.php\/wp-json\/wp\/v2\/media\/841"}],"wp:attachment":[{"href":"https:\/\/mascorrientes.com\/index.php\/wp-json\/wp\/v2\/media?parent=840"}],"wp:term":[{"taxonomy":"category","embeddable":true,"href":"https:\/\/mascorrientes.com\/index.php\/wp-json\/wp\/v2\/categories?post=840"},{"taxonomy":"post_tag","embeddable":true,"href":"https:\/\/mascorrientes.com\/index.php\/wp-json\/wp\/v2\/tags?post=840"}],"curies":[{"name":"wp","href":"https:\/\/api.w.org\/{rel}","templated":true}]}}