{"id":837,"date":"2024-12-03T08:21:32","date_gmt":"2024-12-03T08:21:32","guid":{"rendered":"https:\/\/mascorrientes.com\/?p=837"},"modified":"2024-12-03T08:21:32","modified_gmt":"2024-12-03T08:21:32","slug":"milei-aviso-que-mantendra-el-deficit-cero-en-2025-y-advirtio-a-los-gobernadores","status":"publish","type":"post","link":"https:\/\/mascorrientes.com\/index.php\/2024\/12\/03\/milei-aviso-que-mantendra-el-deficit-cero-en-2025-y-advirtio-a-los-gobernadores\/","title":{"rendered":"MILEI AVIS\u00d3 QUE MANTENDR\u00c1 EL D\u00c9FICIT CERO EN 2025 Y ADVIRTI\u00d3 A LOS GOBERNADORES"},"content":{"rendered":"\n<p>El Presidente asegur\u00f3 que sostendr\u00e1 la pol\u00edtica monetaria restrictiva en el a\u00f1o electoral y asegur\u00f3 que el orden de la macroeconom\u00eda traer\u00e1 nuevas inversiones. \u201cLe pusimos un candado al equilibrio fiscal y nos tragamos la llave\u201d, afirm\u00f3.<\/p>\n\n\n\n<p><strong>Javier Milei&nbsp;disert\u00f3 en la primera semana de la inteligencia artificial en la Argentina<\/strong>&nbsp;y asegur\u00f3 que&nbsp;<strong>el Gobierno buscar\u00e1 mantener la emisi\u00f3n y el d\u00e9ficit cero de cara a las elecciones legislativas del a\u00f1o pr\u00f3ximo<\/strong>.<\/p>\n\n\n\n<p>\u201c<em>De cara a un a\u00f1o electoral,&nbsp;vamos a una pol\u00edtica de d\u00e9ficit cero y emisi\u00f3n cero.&nbsp;No vamos a hacer pol\u00edtica fiscal y monetaria para influir en el resultado electoral, y vaya que eso es nuevo<\/em>\u201d, se\u00f1al\u00f3 el Presidente.<\/p>\n\n\n\n<p>El jefe de Estado explic\u00f3 que<strong>&nbsp;con la pol\u00edtica de d\u00e9ficit cero que sostuvo el Gobierno durante este primer a\u00f1o de gesti\u00f3n&nbsp;\u201cArgentina se convirti\u00f3 en solvente intertemporalmente\u201d<\/strong>,&nbsp;lo que provoc\u00f3 la fuerte ca\u00edda del riesgo pa\u00eds.<\/p>\n\n\n\n<p>En ese sentido, adelant\u00f3: \u201c<em>Vamos a terminar neutros en t\u00e9rminos del PBI.&nbsp;Bajamos la inflaci\u00f3n sin tener costos en t\u00e9rminos de actividad,&nbsp;motivo por el cual el caso se est\u00e1 estudiando en todo el mundo<\/em>\u201d.<\/p>\n\n\n\n<p>Milei explic\u00f3 que existen empresas argentinas que \u201cse est\u00e1n endeudando al 5,75% en d\u00f3lares\u201d&nbsp;y asegur\u00f3 que \u201c<strong>eso significa que estas inversiones son viables en este entorno macroecon\u00f3mico de solvencia y prudencia fiscal<\/strong>\u201d.<\/p>\n\n\n\n<p>\u201cNosotros estamos ordenando la macro, le hemos puesto un candado al equilibrio fiscal y nos hemos tragado la llave. Esto traer\u00e1 inversiones de todo tipo, porque el capital busca las mejores condiciones para desarrollarse\u201d, agreg\u00f3.<\/p>\n\n\n\n<p>En el discurso de apertura de la semana de la Inteligencia Artificial, Milei destac\u00f3 las ventajas que tiene la Argentina en este sector: \u201c<em>Abundan las tierras inh\u00f3spitas a bajas temperaturas en toda la Patagonia, lo cual es beneficioso para montar servidores de IA. Los servidores necesitan energ\u00eda, otra cosa que abunda en nuestra Patagonia<\/em>\u201d.<\/p>\n\n\n\n<p>\u201c<em>No por nada tenemos el mejor recurso humano del planeta, que sobrevivi\u00f3 a 100 a\u00f1os de aberraciones fiscales. El mismo que tiene la mayor cantidad de unicornios per c\u00e1pita en Latinoam\u00e9rica, a pesar de tener la menor inversi\u00f3n producto de d\u00e9cadas de colectivismo<\/em>\u201d, se\u00f1al\u00f3.<\/p>\n\n\n\n<p>En ese aspecto, agreg\u00f3:&nbsp;<em>\u201cNo parece casualidad que esta oportunidad se presente al mismo tiempo de que me toc\u00f3 ser presidente. Porque&nbsp;estos servidores necesitan inversiones y estas necesitan estabilidad a largo plazo<\/em>\u201d.<\/p>\n\n\n\n<p>En el cierre de su discurso, el Presidente asegur\u00f3 que busca \u201cun pa\u00eds con reglas econ\u00f3micas claras e id\u00e9nticas para todos\u201d&nbsp;y que pueda \u201cvolver a acceder a tecnolog\u00eda de punta con precios competitivos\u201d.<\/p>\n\n\n\n<p>\u201cQueremos volver a ser un pa\u00eds en donde se premie la innovaci\u00f3n en lugar de castigarla, donde arriesgarse para solucionarle problemas a otros sea recompensado y no un motivo de escarnio p\u00fablico. Queremos que los ciudadanos de este pa\u00eds aprovechen su esp\u00edritu creativo para crecer, en lugar de tratar de sobrevivir\u201d, agreg\u00f3.<\/p>\n\n\n\n<p>Por \u00faltimo, cerr\u00f3: \u201c<strong>Queremos volver a&nbsp;abrazar al capitalismo para que el capitalismo nos vuelva a abrazar a nosotros&nbsp;y no vamos a parar hasta lograrlo<\/strong>\u201d.<\/p>\n","protected":false},"excerpt":{"rendered":"<p>El Presidente asegur\u00f3 que sostendr\u00e1 la pol\u00edtica monetaria restrictiva en el a\u00f1o electoral y asegur\u00f3 [&hellip;]<\/p>\n","protected":false},"author":1,"featured_media":838,"comment_status":"closed","ping_status":"closed","sticky":false,"template":"","format":"standard","meta":{"footnotes":""},"categories":[1],"tags":[],"class_list":["post-837","post","type-post","status-publish","format-standard","has-post-thumbnail","hentry","category-sin-categoria"],"_links":{"self":[{"href":"https:\/\/mascorrientes.com\/index.php\/wp-json\/wp\/v2\/posts\/837","targetHints":{"allow":["GET"]}}],"collection":[{"href":"https:\/\/mascorrientes.com\/index.php\/wp-json\/wp\/v2\/posts"}],"about":[{"href":"https:\/\/mascorrientes.com\/index.php\/wp-json\/wp\/v2\/types\/post"}],"author":[{"embeddable":true,"href":"https:\/\/mascorrientes.com\/index.php\/wp-json\/wp\/v2\/users\/1"}],"replies":[{"embeddable":true,"href":"https:\/\/mascorrientes.com\/index.php\/wp-json\/wp\/v2\/comments?post=837"}],"version-history":[{"count":1,"href":"https:\/\/mascorrientes.com\/index.php\/wp-json\/wp\/v2\/posts\/837\/revisions"}],"predecessor-version":[{"id":839,"href":"https:\/\/mascorrientes.com\/index.php\/wp-json\/wp\/v2\/posts\/837\/revisions\/839"}],"wp:featuredmedia":[{"embeddable":true,"href":"https:\/\/mascorrientes.com\/index.php\/wp-json\/wp\/v2\/media\/838"}],"wp:attachment":[{"href":"https:\/\/mascorrientes.com\/index.php\/wp-json\/wp\/v2\/media?parent=837"}],"wp:term":[{"taxonomy":"category","embeddable":true,"href":"https:\/\/mascorrientes.com\/index.php\/wp-json\/wp\/v2\/categories?post=837"},{"taxonomy":"post_tag","embeddable":true,"href":"https:\/\/mascorrientes.com\/index.php\/wp-json\/wp\/v2\/tags?post=837"}],"curies":[{"name":"wp","href":"https:\/\/api.w.org\/{rel}","templated":true}]}}