{"id":820,"date":"2024-11-22T22:16:31","date_gmt":"2024-11-22T22:16:31","guid":{"rendered":"https:\/\/mascorrientes.com\/?p=820"},"modified":"2024-11-26T22:18:53","modified_gmt":"2024-11-26T22:18:53","slug":"cfk-presento-un-recurso-para-recuperar-su-jubilacion-de-privilegio","status":"publish","type":"post","link":"https:\/\/mascorrientes.com\/index.php\/2024\/11\/22\/cfk-presento-un-recurso-para-recuperar-su-jubilacion-de-privilegio\/","title":{"rendered":"CFK PRESENT\u00d3 UN RECURSO PARA RECUPERAR SU JUBILACI\u00d3N DE PRIVILEGIO"},"content":{"rendered":"\n<p>Su apoderado plante\u00f3 que la decisi\u00f3n \u201cviola derechos y garant\u00edas consagrados en la Constituci\u00f3n Nacional\u201d. Reclam\u00f3 los haberes retenidos y los intereses acumulados. &nbsp;<\/p>\n\n\n\n<p>La ex presidenta y titular del PJ nacional,&nbsp;Cristina Kirchner, present\u00f3 un recurso administrativo de&nbsp;nulidad&nbsp;ante la&nbsp;ANSES&nbsp;para volver a cobrar su&nbsp;jubilaci\u00f3n&nbsp;de privilegio y la&nbsp;pensi\u00f3n&nbsp;que recibe como viuda del ex presidente N\u00e9stor Kirchner.<\/p>\n\n\n\n<p>En el escrito presentado por su apoderado,&nbsp;Facundo Fern\u00e1ndez Pastor, ante el titular de ANSES,&nbsp;Mariano de los Heros, asegur\u00f3 que la decisi\u00f3n del Gobierno \u201cviola derechos y garant\u00edas consagrados&nbsp;en las leyes, la Constituci\u00f3n Nacional y la doctrina establecida por la&nbsp;<strong>Corte Suprema de Justicia de la Naci\u00f3n\u201d.<\/strong><\/p>\n\n\n\n<p>En esa l\u00ednea, calific\u00f3 la actitud del Poder Ejecutivo como un \u201cun acto m\u00e1s de persecuci\u00f3n con fines de venganza, hostigamiento y partidismo&nbsp;que involucra en este caso a funcionarios de la Administraci\u00f3n Nacional de la Seguridad Social, del Ministerio de Capital Humano del que depende, y al mism\u00edsimo Presidente de la Naci\u00f3n\u201d.<\/p>\n\n\n\n<p>La petici\u00f3n de nulidad se basa en que la ANSES no tiene la potestad legal para dar de baja un beneficio. \u201cLo que debi\u00f3 hacer la administraci\u00f3n es&nbsp;instar la acci\u00f3n judicial&nbsp;y no suspender, arbitrariamente, sus efectos tal como&nbsp;<strong>resolvi\u00f3 la RESOL-2024-1092\u2033<\/strong>, dice la presentaci\u00f3n.<\/p>\n\n\n\n<p>Y contin\u00faa: \u201cNo es una facultad ni del \u00e1rea jur\u00eddica de esa administraci\u00f3n, ni de Tr\u00e1mites Complejos, ni de Prestaciones Centralizadas arrogarse la jurisdicci\u00f3n y competencia que, los art\u00edculos 15 y 36 de la Ley 24.241 no le otorgan a esa administraci\u00f3n. Por tal raz\u00f3n,&nbsp;la resoluci\u00f3n impugnada es nula, de nulidad insanable\u201d.<\/p>\n\n\n\n<p>Adem\u00e1s de la restituci\u00f3n de su jubilaci\u00f3n y la pensi\u00f3n, CFK exigi\u00f3 la restituci\u00f3n de los haberes retenidos y los&nbsp;intereses acumulados&nbsp;hasta su pago efectivo.<\/p>\n\n\n\n<p>El Gobierno hab\u00eda anunciado la quita de ambas jubilaciones luego de que&nbsp;la C\u00e1mara de Casaci\u00f3n Penal de la Naci\u00f3n confirmara la condena&nbsp;contra la ex presidenta por corrupci\u00f3n a seis a\u00f1os de prisi\u00f3n e inhabilitaci\u00f3n perpetua para ejercer cargos p\u00fablicos en la causa Vialidad.<\/p>\n\n\n\n<p>\u201cEl beneficio previsto por la Ley 24.018 para ex presidentes y ex vicepresidente de la Naci\u00f3n es una asignaci\u00f3n que no tiene car\u00e1cter contributivo y se otorga con car\u00e1cter excepcional y extraordinario, como&nbsp;contraprestaci\u00f3n al honor, el m\u00e9rito y el buen desempe\u00f1o en el cargo. La se\u00f1ora Cristina Kirchner fue condenada por la C\u00e1mara de Casaci\u00f3n Penal en la Causa vialidad como autora del delito de administraci\u00f3n fraudulenta, por lo que representa lo&nbsp;<strong>contrario al honor, al m\u00e9rito y al buen desempe\u00f1o\u201d,<\/strong>&nbsp;hab\u00eda explicado el vocero&nbsp;Manuel Adorni.<\/p>\n\n\n\n<p>En esta l\u00ednea, asegur\u00f3 que \u201cla jubilaci\u00f3n a ex mandatarios es un privilegio que no deber\u00eda existir en la Argentina, m\u00e1s a\u00fan si quien la percibe est\u00e1 condenada por estafar desde las m\u00e1s altas esferas del poder a millones de argentinos que vieron esfumarse sus esperanzas a manos de la pol\u00edtica\u201d.<\/p>\n\n\n\n<p>Seg\u00fan revelaron desde el Gobierno,&nbsp;Cristina Kirchner cobraba $21.827.624, pero aclar\u00f3 que va a poder seguir cobrando una pensi\u00f3n y una jubilaci\u00f3n de acuerdo a sus aportes, y no por un adicional por los privilegios.<\/p>\n","protected":false},"excerpt":{"rendered":"<p>Su apoderado plante\u00f3 que la decisi\u00f3n \u201cviola derechos y garant\u00edas consagrados en la Constituci\u00f3n Nacional\u201d. [&hellip;]<\/p>\n","protected":false},"author":1,"featured_media":821,"comment_status":"closed","ping_status":"closed","sticky":false,"template":"","format":"standard","meta":{"footnotes":""},"categories":[1],"tags":[],"class_list":["post-820","post","type-post","status-publish","format-standard","has-post-thumbnail","hentry","category-sin-categoria"],"_links":{"self":[{"href":"https:\/\/mascorrientes.com\/index.php\/wp-json\/wp\/v2\/posts\/820","targetHints":{"allow":["GET"]}}],"collection":[{"href":"https:\/\/mascorrientes.com\/index.php\/wp-json\/wp\/v2\/posts"}],"about":[{"href":"https:\/\/mascorrientes.com\/index.php\/wp-json\/wp\/v2\/types\/post"}],"author":[{"embeddable":true,"href":"https:\/\/mascorrientes.com\/index.php\/wp-json\/wp\/v2\/users\/1"}],"replies":[{"embeddable":true,"href":"https:\/\/mascorrientes.com\/index.php\/wp-json\/wp\/v2\/comments?post=820"}],"version-history":[{"count":1,"href":"https:\/\/mascorrientes.com\/index.php\/wp-json\/wp\/v2\/posts\/820\/revisions"}],"predecessor-version":[{"id":822,"href":"https:\/\/mascorrientes.com\/index.php\/wp-json\/wp\/v2\/posts\/820\/revisions\/822"}],"wp:featuredmedia":[{"embeddable":true,"href":"https:\/\/mascorrientes.com\/index.php\/wp-json\/wp\/v2\/media\/821"}],"wp:attachment":[{"href":"https:\/\/mascorrientes.com\/index.php\/wp-json\/wp\/v2\/media?parent=820"}],"wp:term":[{"taxonomy":"category","embeddable":true,"href":"https:\/\/mascorrientes.com\/index.php\/wp-json\/wp\/v2\/categories?post=820"},{"taxonomy":"post_tag","embeddable":true,"href":"https:\/\/mascorrientes.com\/index.php\/wp-json\/wp\/v2\/tags?post=820"}],"curies":[{"name":"wp","href":"https:\/\/api.w.org\/{rel}","templated":true}]}}