{"id":814,"date":"2024-11-22T22:13:38","date_gmt":"2024-11-22T22:13:38","guid":{"rendered":"https:\/\/mascorrientes.com\/?p=814"},"modified":"2024-11-26T22:19:05","modified_gmt":"2024-11-26T22:19:05","slug":"libertad-condicional-a-piattoni-el-abogado-querellante-no-emitio-oposicion","status":"publish","type":"post","link":"https:\/\/mascorrientes.com\/index.php\/2024\/11\/22\/libertad-condicional-a-piattoni-el-abogado-querellante-no-emitio-oposicion\/","title":{"rendered":"LIBERTAD CONDICIONAL A PIATTONI: &#8220;EL ABOGADO QUERELLANTE NO EMITI\u00d3 OPOSICI\u00d3N&#8221;"},"content":{"rendered":"\n<p>La Jueza de Ejecuci\u00f3n de Condena, Mar\u00eda Teresa Zacar\u00edas, explic\u00f3 a Radio Sudamericana que pese al pedido inicial de la viuda y madre de las v\u00edctimas para que Mat\u00edas Piattoni cumpla su condena completa, la querella no present\u00f3 objeciones durante el proceso que culmin\u00f3 con la libertad condicional del condenado. La jueza asegur\u00f3 a Radio Sudamericana que se garantiz\u00f3 el derecho de la v\u00edctima a participar en todas las instancias.<\/p>\n\n\n\n<p>El pasado 13 de noviembre, la Jueza de Ejecuci\u00f3n de Condena, Mar\u00eda Teresa Zacar\u00edas, otorg\u00f3 la libertad condicional a Mat\u00edas Piattoni, quien cumpl\u00eda una condena de tres a\u00f1os de prisi\u00f3n efectiva y diez a\u00f1os de inhabilitaci\u00f3n para conducir veh\u00edculos con motor. La decisi\u00f3n se tom\u00f3 a pesar de la opini\u00f3n contraria de la Fiscal de Ejecuci\u00f3n de Penas, Patricia Mariela Armend\u00eda.<\/p>\n\n\n\n<p>Piattoni se encontraba cumpliendo una condena de tres a\u00f1os de prisi\u00f3n y diez a\u00f1os de inhabilitaci\u00f3n para conducir todo tipo de veh\u00edculo con motor, seg\u00fan surge del acuerdo firmado entre todas las partes, celebrado en Juicio Abreviado Pleno y homologado por sentencia judicial dictada el 25 de abril de 2024.&nbsp;<\/p>\n\n\n\n<p>En dicho acuerdo Piattoni reconoce su autor\u00eda como responsable del delito de homicidio culposo agravado por la conducci\u00f3n imprudente de su veh\u00edculo, bajo los efectos de estupefacientes, con un nivel de alcoholemia superior a un gramo por litro de sangre, en exceso de velocidad, cruzando de carril y sin estar habilitado para conducir por autoridad competente, causando la tr\u00e1gica muerte de \u00c1ngel Gonz\u00e1lez, de 32 a\u00f1os, y su hijo Mateo, de 12.<\/p>\n\n\n\n<h2 class=\"wp-block-heading\"><strong>\u201cLA LIBERTAD CONDICIONAL ES UN DERECHO\u201d<\/strong><\/h2>\n\n\n\n<p>En declaraciones a&nbsp;Radio Sudamericana, la Jueza Zacar\u00edas justific\u00f3 la decisi\u00f3n se\u00f1alando que la libertad condicional es un derecho establecido por el C\u00f3digo Penal para los condenados que cumplan ciertos requisitos.<\/p>\n\n\n\n<p>\u201cEl C\u00f3digo Penal establece requisitos para conceder la libertad condicional: se la puede pedir cuando la condena no excede los tres a\u00f1os de prisi\u00f3n efectiva. El tiempo que debe cumplir el condenado para solicitarla es de ocho meses. Adem\u00e1s, debi\u00f3 tener buena conducta y un informe favorable respecto de su desempe\u00f1o en la pena, orientado a salir en mejores condiciones y no reincidir\u201d, explic\u00f3.<\/p>\n\n\n\n<p>Piattoni solicit\u00f3 la libertad condicional a finales de julio, tras haber cumplido el plazo m\u00ednimo exigido. \u201cEl d\u00eda que le otorgu\u00e9 la libertad condicional ya hab\u00eda cumplido 11 meses y 20 d\u00edas aproximadamente\u201d, indic\u00f3 Zacar\u00edas.<\/p>\n\n\n\n<p>En su resoluci\u00f3n, la magistrada destac\u00f3 que, aunque no son vinculantes, las distintas \u00e1reas del Consejo Correccional de la Unidad Penal N.\u00ba 4 emitieron un voto un\u00e1nimemente favorable para otorgar la libertad condicional. Y como \u00faltimo punto,&nbsp;el condenado no registraba antecedentes penales ni pedidos de detenci\u00f3n previos.&nbsp;<\/p>\n\n\n\n<h2 class=\"wp-block-heading\"><strong>LIBERTAD CONDICIONAL: OBLIGACIONES QUE PIATTONI DEBE CUMPLIR<\/strong><\/h2>\n\n\n\n<p>En la Resoluci\u00f3n en que la Jueza Zacar\u00edas concede la libertad condicional, establece que la misma est\u00e1 sujeta a obligaciones que Piattoni debe cumplir y que el incumplimiento podr\u00e1 importar la revocaci\u00f3n de la libertad condicional concedida.<br>&nbsp;<\/p>\n\n\n\n<h3 class=\"wp-block-heading\"><strong>Las obligaciones impuestas, entre otras, son:<\/strong><\/h3>\n\n\n\n<ul class=\"wp-block-list\">\n<li><strong>Continuar con el tratamiento psicol\u00f3gico ya iniciado, con el objeto de evitar la reca\u00edda en el consumo problem\u00e1tico de sustancias t\u00f3xicas,<\/strong>\u00a0lo que deber\u00e1 acreditar mediante la presentaci\u00f3n del certificado respectivo en forma mensual, debiendo su evoluci\u00f3n ser evaluada en forma trimestral por el Cuerpo de Psicolog\u00eda Forense.<\/li>\n\n\n\n<li><strong>Abstenerse de consumir bebidas alcoh\u00f3licas o estupefacientes.<\/strong><\/li>\n\n\n\n<li>Residir en el domicilio en el domicilio denunciado en la ciudad de Corrientes, del que no se podr\u00e1 mudar o ausentar sin autorizaci\u00f3n pertinente del Juzgado de Ejecuci\u00f3n de Condena.<\/li>\n\n\n\n<li>Adoptar oficio, arte o profesi\u00f3n.<\/li>\n\n\n\n<li>No cometer nuevos delitos.<\/li>\n\n\n\n<li>Presentarse ante el Juzgado de Ejecuci\u00f3n de Condena, una vez al mes, hasta el vencimiento de la pena que opera en fecha 30\/11\/2026.<\/li>\n<\/ul>\n\n\n\n<p>\u201cSe le establecen normas que debe cumplir y si las incumple, la libertad le puede ser revocada y volver al penal. Trimestralmente el Cuerpo de Psicolog\u00eda Forense del Poder Judicial le debe realizar una avaluaci\u00f3n para verificar que lo est\u00e1 cumpliendo, no podemos entrar a su casa y ver si consumi\u00f3 alcohol, pero podemos tener mediante el tratamiento psicol\u00f3gico\u201d, se\u00f1al\u00f3 la jueza.<\/p>\n\n\n\n<h2 class=\"wp-block-heading\"><strong>&#8220;LA QUERELLA NO EMITI\u00d3 OPOSICI\u00d3N A LA LIBERTAD CONDICIONAL&#8221;<\/strong><\/h2>\n\n\n\n<p>En relaci\u00f3n con el otorgamiento de la libertad condicional a Mat\u00edas Piattoni, la Jueza Mar\u00eda Teresa Zacar\u00edas subray\u00f3 que&nbsp; la querella&nbsp;tuvo plena oportunidad de intervenir en el proceso pero no lo hizo. Seg\u00fan explic\u00f3, la solicitud de libertad condicional comenz\u00f3 a tramitarse a fines de julio y concluy\u00f3 el 13 de noviembre, dejando un plazo de tres meses y medio durante el cual el expediente estuvo a disposici\u00f3n de la querella.<\/p>\n\n\n\n<p>\u201cLa querella pudo oponerse en todo ese tiempo y no lo hizo\u201d, indic\u00f3 la jueza,&nbsp;<strong>quien agreg\u00f3&nbsp;que se notific\u00f3 a la representaci\u00f3n de la v\u00edctima en cuatro oportunidades sobre cada instancia del proceso. Pese a ello, no se emiti\u00f3 opini\u00f3n alguna.<\/strong><\/p>\n\n\n\n<p>La jueza record\u00f3 que durante la audiencia correspondiente, el abogado querellante, Juan Manuel Cubilla Podest\u00e1, &#8220;no lleg\u00f3 a tiempo&#8221;, mientras que Karen Cufr\u00e9, esposa y madre de las v\u00edctimas, viaj\u00f3 desde otra provincia para estar presente en la audiencia. \u201cLa se\u00f1ora Cufr\u00e9, entre l\u00e1grimas, lo \u00fanico que pidi\u00f3 es que Piattoni cumpla su condena hasta el final. Eso fue al inicio del tr\u00e1mite de solicitud de libertad condicional\u201d, expres\u00f3 Zacar\u00edas.<\/p>\n\n\n\n<p>No obstante, la magistrada remarc\u00f3 que el abogado querellante no present\u00f3 objeciones en las instancias judiciales.<strong>&nbsp;\u201cEl abogado Juan Manuel Cubilla Podest\u00e1 no efectu\u00f3 ning\u00fan tipo de oposici\u00f3n, se limit\u00f3 a estar presente en la audiencia\u201d, afirm\u00f3.<\/strong><\/p>\n\n\n\n<p>En su resoluci\u00f3n, la jueza describi\u00f3 detalladamente que la querella fue notificada de cada actuaci\u00f3n llevada a cabo en el incidente. Tambi\u00e9n se ofreci\u00f3 la posibilidad de participar en el examen pericial practicado al condenado, pero no se hizo uso de este derecho.<\/p>\n\n\n\n<p><em>\u201cLa Sra. Karen Salom\u00e9 Cufr\u00e9 estuvo debidamente notificada de todas y cada una de las actuaciones llevadas a cabo en el presente incidente, no solo escuch\u00e1ndosela en audiencia, sino brind\u00e1ndosele \u2013por intermedio de su abogado querellante\u2013 la posibilidad de participar en el examen pericial practicado al condenado y \u2013no obstante\u2013 no haber hecho uso de su derecho. Se le notific\u00f3 del resultado de los informes realizados por los profesionales intervinientes, no habiendo tampoco hecho manifestaci\u00f3n alguna sobre el particular, por lo que \u2013entiendo\u2013 la prescripci\u00f3n normativa con relaci\u00f3n a los derechos de la v\u00edctima resulta acabada y debidamente cumplida por parte de esta jurisdicci\u00f3n\u201d, concluy\u00f3<\/em>.<\/p>\n\n\n\n<p>Estas declaraciones ponen de manifiesto que, seg\u00fan la jueza, el derecho de la v\u00edctima a ser escuchada fue respetado en todas las instancias del proceso judicial.<\/p>\n","protected":false},"excerpt":{"rendered":"<p>La Jueza de Ejecuci\u00f3n de Condena, Mar\u00eda Teresa Zacar\u00edas, explic\u00f3 a Radio Sudamericana que pese [&hellip;]<\/p>\n","protected":false},"author":1,"featured_media":815,"comment_status":"closed","ping_status":"closed","sticky":false,"template":"","format":"standard","meta":{"footnotes":""},"categories":[1],"tags":[],"class_list":["post-814","post","type-post","status-publish","format-standard","has-post-thumbnail","hentry","category-sin-categoria"],"_links":{"self":[{"href":"https:\/\/mascorrientes.com\/index.php\/wp-json\/wp\/v2\/posts\/814","targetHints":{"allow":["GET"]}}],"collection":[{"href":"https:\/\/mascorrientes.com\/index.php\/wp-json\/wp\/v2\/posts"}],"about":[{"href":"https:\/\/mascorrientes.com\/index.php\/wp-json\/wp\/v2\/types\/post"}],"author":[{"embeddable":true,"href":"https:\/\/mascorrientes.com\/index.php\/wp-json\/wp\/v2\/users\/1"}],"replies":[{"embeddable":true,"href":"https:\/\/mascorrientes.com\/index.php\/wp-json\/wp\/v2\/comments?post=814"}],"version-history":[{"count":1,"href":"https:\/\/mascorrientes.com\/index.php\/wp-json\/wp\/v2\/posts\/814\/revisions"}],"predecessor-version":[{"id":816,"href":"https:\/\/mascorrientes.com\/index.php\/wp-json\/wp\/v2\/posts\/814\/revisions\/816"}],"wp:featuredmedia":[{"embeddable":true,"href":"https:\/\/mascorrientes.com\/index.php\/wp-json\/wp\/v2\/media\/815"}],"wp:attachment":[{"href":"https:\/\/mascorrientes.com\/index.php\/wp-json\/wp\/v2\/media?parent=814"}],"wp:term":[{"taxonomy":"category","embeddable":true,"href":"https:\/\/mascorrientes.com\/index.php\/wp-json\/wp\/v2\/categories?post=814"},{"taxonomy":"post_tag","embeddable":true,"href":"https:\/\/mascorrientes.com\/index.php\/wp-json\/wp\/v2\/tags?post=814"}],"curies":[{"name":"wp","href":"https:\/\/api.w.org\/{rel}","templated":true}]}}