{"id":808,"date":"2024-11-22T22:10:17","date_gmt":"2024-11-22T22:10:17","guid":{"rendered":"https:\/\/mascorrientes.com\/?p=808"},"modified":"2024-11-26T22:19:20","modified_gmt":"2024-11-26T22:19:20","slug":"murio-roberto-giordano-el-peluquero-de-los-famosos","status":"publish","type":"post","link":"https:\/\/mascorrientes.com\/index.php\/2024\/11\/22\/murio-roberto-giordano-el-peluquero-de-los-famosos\/","title":{"rendered":"MURI\u00d3 ROBERTO GIORDANO, EL PELUQUERO DE LOS FAMOSOS"},"content":{"rendered":"\n<p>El estilista de las celebridades estaba internado en el Sanatorio Mater Dei. El velatorio ser\u00e1 ma\u00f1ana en el Cementerio de La Chacarita<\/p>\n\n\n\n<p>Este viernes muri\u00f3&nbsp;Roberto Giordano&nbsp;el reconocido estilista y empresario argentino.&nbsp;Ten\u00eda 75 a\u00f1os. Seg\u00fan informaron a&nbsp;TN Show, el peluquero de los famosos&nbsp;estaba internado en el Sanatorio Mater Dei.<\/p>\n\n\n\n<p>Las fuentes consultadas por este medio indicaron que Giordano no logr\u00f3 superar una intervenci\u00f3n quir\u00fargica y muri\u00f3 producto de una afecci\u00f3n card\u00edaca.<\/p>\n\n\n\n<p>Los restos del empresario ser\u00e1n cremados este s\u00e1bado en el Cementerio de La Chacarita.<\/p>\n\n\n\n<p>Durante las d\u00e9cadas de 1980 y 1990, se convirti\u00f3 en una figura medi\u00e1tica gracias a sus desfiles, que combinaban glamour, m\u00fasica y celebridades en escenarios ic\u00f3nicos. Su lema, \u201c\u00a1No me peguen, soy Giordano!\u201d, qued\u00f3 inmortalizado en la cultura popular, al igual que su impronta \u00fanica en el mundo del estilismo.<\/p>\n\n\n\n<p>En 2022, el peluquero hab\u00eda sido operado del coraz\u00f3n&nbsp;por el doctor Jorge Belardi, un neurocirujano que es una eminencia. En ese momento le hicieron un cateterismo de \u00faltima generaci\u00f3n. En aquel momento lleg\u00f3 a pesar tan solo&nbsp;60 kilos y estaba muy d\u00e9bil. Incluso por momentos perd\u00eda la lucidez.<\/p>\n\n\n\n<h2 class=\"wp-block-heading\"><strong>La ca\u00edda de Roberto Giordano<\/strong><\/h2>\n\n\n\n<p>Roberto Giordano, el peluquero que fue un referente de la moda en los noventa y&nbsp;cre\u00f3 un imperio con decenas de sucursales&nbsp;en el pa\u00eds y el exterior, termin\u00f3 en la ruina. El&nbsp;coiffeur&nbsp;de Mirtha Legrand, Valeria Mazza, Andrea Frigerio, Pampita y Nicole Neumann, entre otras famosas, se mud\u00f3 a Uruguay mientras lo investigaba la justicia argentina.<\/p>\n\n\n\n<p>Todo empez\u00f3 cuando&nbsp;la Justicia Comercial orden\u00f3 su quiebra,&nbsp;en diciembre de 2010, despu\u00e9s que sus acreedores rechazaron la propuesta formulada en el marco del concurso preventivo. Entre ellos estaban la Federaci\u00f3n Nacional de Trabajadores de Peluquer\u00eda, Est\u00e9tica y Afines; la Obra Social del Personal de Peluquer\u00eda, el Sindicato de la actividad; el Fisco Nacional y cien de sus 500 empleados.<\/p>\n\n\n\n<p>Luego hubo una primera causa judicial por evasi\u00f3n previsional de m\u00e1s de&nbsp;seis millones de pesos en 2014,&nbsp;pero fue sobrese\u00eddo cuatro a\u00f1os m\u00e1s tarde. Mientras tanto, aumentaban sus deudas laborales, previsionales, comerciales y tributarias.<\/p>\n","protected":false},"excerpt":{"rendered":"<p>El estilista de las celebridades estaba internado en el Sanatorio Mater Dei. El velatorio ser\u00e1 [&hellip;]<\/p>\n","protected":false},"author":1,"featured_media":809,"comment_status":"closed","ping_status":"closed","sticky":false,"template":"","format":"standard","meta":{"footnotes":""},"categories":[1],"tags":[],"class_list":["post-808","post","type-post","status-publish","format-standard","has-post-thumbnail","hentry","category-sin-categoria"],"_links":{"self":[{"href":"https:\/\/mascorrientes.com\/index.php\/wp-json\/wp\/v2\/posts\/808","targetHints":{"allow":["GET"]}}],"collection":[{"href":"https:\/\/mascorrientes.com\/index.php\/wp-json\/wp\/v2\/posts"}],"about":[{"href":"https:\/\/mascorrientes.com\/index.php\/wp-json\/wp\/v2\/types\/post"}],"author":[{"embeddable":true,"href":"https:\/\/mascorrientes.com\/index.php\/wp-json\/wp\/v2\/users\/1"}],"replies":[{"embeddable":true,"href":"https:\/\/mascorrientes.com\/index.php\/wp-json\/wp\/v2\/comments?post=808"}],"version-history":[{"count":1,"href":"https:\/\/mascorrientes.com\/index.php\/wp-json\/wp\/v2\/posts\/808\/revisions"}],"predecessor-version":[{"id":810,"href":"https:\/\/mascorrientes.com\/index.php\/wp-json\/wp\/v2\/posts\/808\/revisions\/810"}],"wp:featuredmedia":[{"embeddable":true,"href":"https:\/\/mascorrientes.com\/index.php\/wp-json\/wp\/v2\/media\/809"}],"wp:attachment":[{"href":"https:\/\/mascorrientes.com\/index.php\/wp-json\/wp\/v2\/media?parent=808"}],"wp:term":[{"taxonomy":"category","embeddable":true,"href":"https:\/\/mascorrientes.com\/index.php\/wp-json\/wp\/v2\/categories?post=808"},{"taxonomy":"post_tag","embeddable":true,"href":"https:\/\/mascorrientes.com\/index.php\/wp-json\/wp\/v2\/tags?post=808"}],"curies":[{"name":"wp","href":"https:\/\/api.w.org\/{rel}","templated":true}]}}