{"id":1165,"date":"2026-03-11T18:14:02","date_gmt":"2026-03-11T18:14:02","guid":{"rendered":"https:\/\/mascorrientes.com\/?p=1165"},"modified":"2026-03-11T18:14:03","modified_gmt":"2026-03-11T18:14:03","slug":"morena-rial-obtuvo-la-prision-domiciliaria-a-tras-pasar-5-meses-en-el-penal-de-magdalena","status":"publish","type":"post","link":"https:\/\/mascorrientes.com\/index.php\/2026\/03\/11\/morena-rial-obtuvo-la-prision-domiciliaria-a-tras-pasar-5-meses-en-el-penal-de-magdalena\/","title":{"rendered":"MORENA RIAL OBTUVO LA PRISI\u00d3N DOMICILIARIA A TRAS PASAR 5 MESES EN EL PENAL DE MAGDALENA"},"content":{"rendered":"\n<p>La influencer hab\u00eda sido encarcelada por incumplir con las exigencias que hab\u00eda requerido la Justicia luego de ser acusada de formar parte de una banda que robaba casas en la zona norte de la provincia de Buenos Aires. &nbsp; &nbsp;<\/p>\n\n\n\n<p>La Justicia le otorg\u00f3 este martes prisi\u00f3n domiciliaria a&nbsp;Morena Rial, quien&nbsp;permanec\u00eda en el Penal de Magdalena&nbsp;desde hac\u00eda cinco meses por&nbsp;incumplir con las exigencias&nbsp;que la jueza de San Isidro&nbsp;Andrea Rodr\u00edguez Mentasty&nbsp;hab\u00eda requerido para dicho beneficio, en el marco de la causa por el robo de casas en la zona norte de la provincia de Buenos Aires.<\/p>\n\n\n\n<p>&#8220;Cuando la llam\u00e9 estaba todav\u00eda llorando de la felicidad. No pudimos mantener un di\u00e1logo acorde al momento por&nbsp;el grado de emoci\u00f3n&nbsp;que tiene por saber que va a volver a estar con su hijo Amadeo&#8221;, manifest\u00f3 su abogado,&nbsp;Mart\u00edn Leiro, en di\u00e1logo con&nbsp;Am\u00e9rica.<\/p>\n\n\n\n<p>El letrado hab\u00eda presentado el recurso en Casaci\u00f3n con la firma de&nbsp;Jorge y Roc\u00edo Rial, padre y hermana de la influencer. Ambos familiares&nbsp;se comprometieron&nbsp;a garantizar las obligaciones legales para que la joven pueda continuar con la restricci\u00f3n de su libertad en su hogar.<\/p>\n\n\n\n<p>La influencer hab\u00eda sido trasladada el 1\u00b0 de octubre de 2025 a la Unidad 51\u00b0 del Penal de Magdalena luego de que Rodr\u00edguez Mentasty&nbsp;le revocara el beneficio de prisi\u00f3n domiciliaria, por pedido del fiscal Patricio Ferrari.<\/p>\n\n\n\n<p>Luego, el 30 del mismo la magistrada rechaz\u00f3 el primer pedido de la defensa para su excarcelaci\u00f3n: &#8220;A mi criterio, se encuentran abastecidas las exigencias previstas por el ordenamiento ritual para&nbsp;disponer la continuidad del encierro, verific\u00e1ndose peligro procesal de fuga respecto de Rial&#8221;.<\/p>\n\n\n\n<p>En concreto, la joven de 26 -procesada por el&nbsp;delito de robo agravado- deb\u00eda &#8220;comparecer en sede judicial&nbsp;una vez por semana&#8221; y deb\u00eda someterse a un&nbsp;tratamiento psicol\u00f3gico\/psiqui\u00e1trico, detallando &#8220;la modalidad y periodicidad&#8221; y notificando en &#8220;la \u00faltima semana de cada mes su cumplimiento por constancia del profesional actuante&#8221; para continuar con el beneficio.&nbsp;<\/p>\n\n\n\n<p>Sin embargo, Rial&nbsp;no logr\u00f3 justificar las ausencias&nbsp;en sede judicial de las semanas del 18 y 22 de agosto y del 15 y 19 de octubre, adem\u00e1s de&nbsp;no acreditar correctamente&nbsp;la &#8220;modalidad, frecuencia y profesional actuante&#8221; de su tratamiento, motivos por los cuales la jueza determin\u00f3 que sea detenida en un penal por peligro de fuga.<\/p>\n","protected":false},"excerpt":{"rendered":"<p>La influencer hab\u00eda sido encarcelada por incumplir con las exigencias que hab\u00eda requerido la Justicia [&hellip;]<\/p>\n","protected":false},"author":1,"featured_media":1166,"comment_status":"closed","ping_status":"closed","sticky":false,"template":"","format":"standard","meta":{"footnotes":""},"categories":[1],"tags":[],"class_list":["post-1165","post","type-post","status-publish","format-standard","has-post-thumbnail","hentry","category-sin-categoria"],"_links":{"self":[{"href":"https:\/\/mascorrientes.com\/index.php\/wp-json\/wp\/v2\/posts\/1165","targetHints":{"allow":["GET"]}}],"collection":[{"href":"https:\/\/mascorrientes.com\/index.php\/wp-json\/wp\/v2\/posts"}],"about":[{"href":"https:\/\/mascorrientes.com\/index.php\/wp-json\/wp\/v2\/types\/post"}],"author":[{"embeddable":true,"href":"https:\/\/mascorrientes.com\/index.php\/wp-json\/wp\/v2\/users\/1"}],"replies":[{"embeddable":true,"href":"https:\/\/mascorrientes.com\/index.php\/wp-json\/wp\/v2\/comments?post=1165"}],"version-history":[{"count":1,"href":"https:\/\/mascorrientes.com\/index.php\/wp-json\/wp\/v2\/posts\/1165\/revisions"}],"predecessor-version":[{"id":1167,"href":"https:\/\/mascorrientes.com\/index.php\/wp-json\/wp\/v2\/posts\/1165\/revisions\/1167"}],"wp:featuredmedia":[{"embeddable":true,"href":"https:\/\/mascorrientes.com\/index.php\/wp-json\/wp\/v2\/media\/1166"}],"wp:attachment":[{"href":"https:\/\/mascorrientes.com\/index.php\/wp-json\/wp\/v2\/media?parent=1165"}],"wp:term":[{"taxonomy":"category","embeddable":true,"href":"https:\/\/mascorrientes.com\/index.php\/wp-json\/wp\/v2\/categories?post=1165"},{"taxonomy":"post_tag","embeddable":true,"href":"https:\/\/mascorrientes.com\/index.php\/wp-json\/wp\/v2\/tags?post=1165"}],"curies":[{"name":"wp","href":"https:\/\/api.w.org\/{rel}","templated":true}]}}