{"id":1162,"date":"2026-03-11T18:12:29","date_gmt":"2026-03-11T18:12:29","guid":{"rendered":"https:\/\/mascorrientes.com\/?p=1162"},"modified":"2026-03-11T18:12:29","modified_gmt":"2026-03-11T18:12:29","slug":"quita-progresiva-de-subsidios-a-la-energia-cual-es-la-idea-de-nacion","status":"publish","type":"post","link":"https:\/\/mascorrientes.com\/index.php\/2026\/03\/11\/quita-progresiva-de-subsidios-a-la-energia-cual-es-la-idea-de-nacion\/","title":{"rendered":"QUITA PROGRESIVA DE SUBSIDIOS A LA ENERG\u00cdA: CU\u00c1L ES LA IDEA DE NACI\u00d3N"},"content":{"rendered":"\n<p>Desde la Direcci\u00f3n Provincial de Energ\u00eda de Corrientes se\u00f1alaron que la pol\u00edtica nacional apunta a eliminar progresivamente los subsidios. Tambi\u00e9n destacaron que el sistema el\u00e9ctrico provincial respondi\u00f3 a los picos de consumo del verano y reforzaron la lucha contra el fraude energ\u00e9tico.<audio src=\"https:\/\/www.radiosudamericana.com\/notix\/multimedia\/audios\/2026-03-11\/427115.mp3\"><\/audio><\/p>\n\n\n\n<p>El gobierno nacional avanza en la reducci\u00f3n progresiva de los subsidios a los servicios p\u00fablicos, una pol\u00edtica que en unos meses&nbsp;tendr\u00eda impacto directo en las tarifas de energ\u00eda el\u00e9ctrica. As\u00ed lo explic\u00f3 Pablo Cuenca, representante de la Direcci\u00f3n Provincial de Energ\u00eda de Corrientes (DPEC), quien se\u00f1al\u00f3 que&nbsp;<strong>el objetivo de la Naci\u00f3n&nbsp;es que los usuarios paguen el servicio conforme a su costo real.<\/strong><\/p>\n\n\n\n<p>En declaraciones a Radio Sudamericana, Cuenca explic\u00f3 que actualmente el esquema de subsidios se encuentra en proceso de simplificaci\u00f3n y focalizaci\u00f3n. \u201cHoy aproximadamente el 70% de la demanda ya no tiene subsidios y cerca del 30% todav\u00eda conserva alg\u00fan tipo de asistencia\u201d, indic\u00f3.<\/p>\n\n\n\n<p>Seg\u00fan detall\u00f3, la pol\u00edtica nacional apunta a concentrar los subsidios en los sectores que realmente los necesitan. En ese sentido, se incorporaron distintos beneficios dentro de un mismo esquema, como el caso de la garrafa social, que anteriormente se gestionaba a trav\u00e9s de la Administraci\u00f3n Nacional de la Seguridad Social (ANSES).<\/p>\n\n\n\n<p>\u201cEl objetivo del gobierno nacional es ir eliminando progresivamente los subsidios a la energ\u00eda el\u00e9ctrica, al gas natural y tambi\u00e9n al transporte, como parte de la pol\u00edtica de reducci\u00f3n del d\u00e9ficit fiscal\u201d, explic\u00f3.<\/p>\n\n\n\n<h2 class=\"wp-block-heading\"><strong>El costo real del servicio<\/strong><\/h2>\n\n\n\n<p>Cuenca remarc\u00f3 que durante a\u00f1os se instal\u00f3 la idea de que los servicios energ\u00e9ticos ten\u00edan un costo muy bajo o incluso que pod\u00edan sostenerse indefinidamente mediante subsidios estatales.<\/p>\n\n\n\n<p>\u201cEn realidad los servicios siempre tienen un costo. Ese costo se paga a trav\u00e9s de la tarifa o a trav\u00e9s de los aportes del Tesoro nacional, pero en ambos casos lo terminan pagando los mismos ciudadanos\u201d, se\u00f1al\u00f3.<\/p>\n\n\n\n<p>En ese contexto, advirti\u00f3 que el nuevo esquema implica que las tarifas reflejen cada vez m\u00e1s el valor real de la energ\u00eda, lo que&nbsp;<strong>se traducir\u00e1 en facturas m\u00e1s altas para algunos usuarios.<\/strong><\/p>\n\n\n\n<h2 class=\"wp-block-heading\"><strong>R\u00e9cord de consumo el\u00e9ctrico en la provincia<\/strong><\/h2>\n\n\n\n<p>El funcionario tambi\u00e9n se refiri\u00f3 al desempe\u00f1o del sistema el\u00e9ctrico provincial durante el verano, marcado por temperaturas extremas y un fuerte aumento en el consumo de energ\u00eda.<\/p>\n\n\n\n<p>Cuenca destac\u00f3 que el sistema respondi\u00f3 de manera satisfactoria incluso en momentos de m\u00e1xima demanda. \u201cEn febrero del a\u00f1o pasado tuvimos un r\u00e9cord hist\u00f3rico de 790 megavatios de consumo y este a\u00f1o llegamos a 789 megavatios sin mayores inconvenientes en el servicio\u201d, indic\u00f3.<\/p>\n\n\n\n<h2 class=\"wp-block-heading\"><strong>Combate al fraude energ\u00e9tico<\/strong><\/h2>\n\n\n\n<p>Desde la DPEC impulsan un programa permanente para detectar estas situaciones tanto en la capital correntina como en el interior de la provincia.&nbsp;\u201cEl objetivo es corregir el aspecto comercial, incorporar a los usuarios que roban energ\u00eda al sistema formal y generar conciencia sobre el perjuicio que esto causa\u201d, explic\u00f3 Cuenca.<\/p>\n","protected":false},"excerpt":{"rendered":"<p>Desde la Direcci\u00f3n Provincial de Energ\u00eda de Corrientes se\u00f1alaron que la pol\u00edtica nacional apunta a [&hellip;]<\/p>\n","protected":false},"author":1,"featured_media":1163,"comment_status":"closed","ping_status":"closed","sticky":false,"template":"","format":"standard","meta":{"footnotes":""},"categories":[1],"tags":[],"class_list":["post-1162","post","type-post","status-publish","format-standard","has-post-thumbnail","hentry","category-sin-categoria"],"_links":{"self":[{"href":"https:\/\/mascorrientes.com\/index.php\/wp-json\/wp\/v2\/posts\/1162","targetHints":{"allow":["GET"]}}],"collection":[{"href":"https:\/\/mascorrientes.com\/index.php\/wp-json\/wp\/v2\/posts"}],"about":[{"href":"https:\/\/mascorrientes.com\/index.php\/wp-json\/wp\/v2\/types\/post"}],"author":[{"embeddable":true,"href":"https:\/\/mascorrientes.com\/index.php\/wp-json\/wp\/v2\/users\/1"}],"replies":[{"embeddable":true,"href":"https:\/\/mascorrientes.com\/index.php\/wp-json\/wp\/v2\/comments?post=1162"}],"version-history":[{"count":1,"href":"https:\/\/mascorrientes.com\/index.php\/wp-json\/wp\/v2\/posts\/1162\/revisions"}],"predecessor-version":[{"id":1164,"href":"https:\/\/mascorrientes.com\/index.php\/wp-json\/wp\/v2\/posts\/1162\/revisions\/1164"}],"wp:featuredmedia":[{"embeddable":true,"href":"https:\/\/mascorrientes.com\/index.php\/wp-json\/wp\/v2\/media\/1163"}],"wp:attachment":[{"href":"https:\/\/mascorrientes.com\/index.php\/wp-json\/wp\/v2\/media?parent=1162"}],"wp:term":[{"taxonomy":"category","embeddable":true,"href":"https:\/\/mascorrientes.com\/index.php\/wp-json\/wp\/v2\/categories?post=1162"},{"taxonomy":"post_tag","embeddable":true,"href":"https:\/\/mascorrientes.com\/index.php\/wp-json\/wp\/v2\/tags?post=1162"}],"curies":[{"name":"wp","href":"https:\/\/api.w.org\/{rel}","templated":true}]}}