{"id":1106,"date":"2026-01-09T18:22:17","date_gmt":"2026-01-09T18:22:17","guid":{"rendered":"https:\/\/mascorrientes.com\/?p=1106"},"modified":"2026-01-09T18:22:17","modified_gmt":"2026-01-09T18:22:17","slug":"tren-de-aragua-reforzaron-la-custodia-del-venezolano-detenido-en-corrientes","status":"publish","type":"post","link":"https:\/\/mascorrientes.com\/index.php\/2026\/01\/09\/tren-de-aragua-reforzaron-la-custodia-del-venezolano-detenido-en-corrientes\/","title":{"rendered":"TREN DE ARAGUA: REFORZARON LA CUSTODIA DEL VENEZOLANO DETENIDO EN CORRIENTES"},"content":{"rendered":"\n<p>Sus iniciales son JFPV. Tiene 35 a\u00f1os, frases tatuadas en el rostro, decenas de heridas de arma blanca y una bala en el abdomen. Permanecer\u00e1 hasta febrero en una dependencia de la fuerza federal bajo protocolos especiales<\/p>\n\n\n\n<p><em>El sospechoso se encuentra detenido en la Delegaci\u00f3n Ituzaing\u00f3 de la Prefectura Naval Argentina<\/em><\/p>\n\n\n\n<p>El&nbsp;<strong>venezolano detenido en Corrientes, sospechado de ser integrante del Tren de Aragua,<\/strong>&nbsp;permanecer\u00e1 alojado en la Delegaci\u00f3n Ituzaing\u00f3 de la&nbsp;<strong>Prefectura Naval Argentina<\/strong>. En el edificio, ubicado en Centenario al 1600 de la mencionada localidad, se dispuso una custodia especial. La fuerza de seguridad debi\u00f3 activar todos los protocolos vigentes para casos de detenidos de alta peligrosidad. Su nombre completo permanecer\u00e1 a resguardo mientras contin\u00faa la investigaci\u00f3n, por lo que de momento solo se conocen sus iniciales: JFPV.<\/p>\n\n\n\n<p>Los que han estado frente a frente con \u00e9l afirman que se trata de una figura intimidante. En el rostro se le ven varias frases tatuadas. El cuerpo presenta otros&nbsp;<strong>tatuajes que lo relacionan con el Tren de Aragua<\/strong>:&nbsp;<strong>armas, calaveras y s\u00edmbolos deportivos<\/strong>. Tambi\u00e9n&nbsp;<strong>tiene&nbsp;unas 20 heridas<\/strong>&nbsp;notorias de arma blanca. Adem\u00e1s,&nbsp;<strong>una bala est\u00e1 alojada en su est\u00f3mago hace varios a\u00f1os.<\/strong><\/p>\n\n\n\n<p>Cuando lleg\u00f3 a la audiencia ante el juez federal de Garant\u00edas, Gustavo Fresneda, se mostr\u00f3 nervioso al principio. Dijo que no sab\u00eda de qu\u00e9 se lo acusaba, a pesar de que&nbsp;<strong>hab\u00eda ingresado al pa\u00eds por un paso clandestino en Salta y quer\u00eda salir sin documentaci\u00f3n personal.<\/strong><\/p>\n\n\n\n<p><em>La organizaci\u00f3n criminal Tren de Aragua naci\u00f3 en el centro penitenciario Tocor\u00f3n, Venezuela<\/em><\/p>\n\n\n\n<p>Adem\u00e1s, intent\u00f3 una artima\u00f1a legal: dijo que no hab\u00eda tenido contacto previo con su defensora p\u00fablica oficial, Rosana Marini. Luego, reconoci\u00f3 que s\u00ed charl\u00f3 con ella. No habl\u00f3 ni antes, ni durante, ni despu\u00e9s de la audiencia. Ante el magistrado se neg\u00f3 a declarar. Y los prefectos que procedieron a su detenci\u00f3n solo registraron las excusas que dio al ser apresado.<\/p>\n\n\n\n<h2 class=\"wp-block-heading\"><strong>\u00bfCu\u00e1ndo fue capturado?<\/strong><\/h2>\n\n\n\n<p>JFPV, de 35 a\u00f1os, fue detenido en el puerto de&nbsp;<strong>Ituzaing\u00f3&nbsp;<\/strong>el 20 de diciembre pasado.&nbsp;<strong>Pretend\u00eda viajar a Paraguay por v\u00eda fluvial<\/strong>. La localidad correntina est\u00e1 ubicada en la costa del Paran\u00e1, frente a las islas Apip\u00e9 Grande y Chica. Del otro lado del curso de agua hay una peque\u00f1a ciudad paraguaya denominada Ayolas. Hacia el norte de la misma, est\u00e1 Encarnaci\u00f3n.<\/p>\n\n\n\n<p>La&nbsp;<strong>Direcci\u00f3n Nacional de Migraciones&nbsp;<\/strong>orden\u00f3 su&nbsp;<strong>expulsi\u00f3n del pa\u00eds&nbsp;<\/strong>y le prohibi\u00f3 que reingrese a la Argentina. La medida se adopt\u00f3 el 23 de diciembre, a 72 horas de su captura. La premura respondi\u00f3 a la peligrosidad del individuo.<\/p>\n\n\n\n<p>La defensa del venezolano tiene 15 d\u00edas h\u00e1biles para impugnar la medida. Mientras se cumple el procedimiento, permanecer\u00e1 detenido. El plazo de prisi\u00f3n preventiva que le impuso el juez Fresneda caducar\u00e1 el 26 de febrero.<\/p>\n\n\n\n<p>El operativo que provoc\u00f3 la presencia de JFPV oblig\u00f3 a un trabajo coordinado entre la Unidad Fiscal Federal de Corrientes, el Ministerio de Seguridad y Migraciones.<\/p>\n\n\n\n<h2 class=\"wp-block-heading\"><strong>\u00bfQu\u00e9 lo vincula con el Tren de Aragua?<\/strong><\/h2>\n\n\n\n<p>Seg\u00fan los registros del Departamento de Investigaciones de Seguridad Nacional -Homeland Security Investigations (HSI)-,<strong>&nbsp;JFPV hab\u00eda sido expulsado de Estados Unidos el 25 de enero de 2025<\/strong>. La medida se tom\u00f3 al constatarse que hab\u00eda ingresado de manera ilegal y que&nbsp;<strong>pose\u00eda tatuajes iguales a los que identifican a los miembros del Tren de Aragua.<\/strong><\/p>\n\n\n\n<p>Un tiempo antes, el 16 de junio de 2024, fue arrestado en el pa\u00eds norteamericano tras comprobarse que carec\u00eda de documentaci\u00f3n que habilitara su permanencia all\u00ed. En aquella ocasi\u00f3n, el hombre&nbsp;<strong>sostuvo que hab\u00eda ingresado al pa\u00eds a trav\u00e9s de la frontera mexicana. Agreg\u00f3 que resid\u00eda en Canad\u00e1 con su pareja.<\/strong><\/p>\n\n\n\n<p>Se le incaut\u00f3 un arma blanca. Cuando le hicieron los chequeos m\u00e9dicos de rigor, advirtieron que ten\u00eda una bala alojada en su abdomen y 20 cicatrices compatibles con heridas de arma blanca. Para justificar esos rastros&nbsp;<strong>dijo ser del Ej\u00e9rcito venezolano.<\/strong><\/p>\n\n\n\n<p>Adem\u00e1s, se determin\u00f3 que&nbsp;<strong>ten\u00eda pedido de arresto por parte de las autoridades<\/strong>&nbsp;<strong>judiciales del municipio de Peel, en la ciudad canadiense de Ontario<\/strong>. No se hab\u00eda presentado en distintas causas que se le segu\u00edan por delitos de&nbsp;<strong>lesiones con arma blanca agravadas por el v\u00ednculo y amenazas.<\/strong><\/p>\n\n\n\n<p>Por otra parte, se estableci\u00f3 que presentaba tatuajes compatibles con los utilizados por los integrantes de la organizaci\u00f3n transnacional denominada Tren de Aragua. A este Cartel se lo vincula con la comisi\u00f3n de graves delitos, con la divisi\u00f3n de roles, coordinaci\u00f3n funcional y capacidad operativa. El hombre permaneci\u00f3 detenido hasta su expulsi\u00f3n del territorio estadounidense por&nbsp;\u201criesgo para la seguridad p\u00fablica\u201d.<\/p>\n\n\n\n<p><em>EEUU acus\u00f3 formalmente al l\u00edder de Tren de Aragua, H\u00e9ctor Rusthenford Guerrero Flores, de haber transformado una banda carcelaria local en una organizaci\u00f3n terrorista<\/em><\/p>\n\n\n\n<p>Otros informes con los que cuenta la Justicia tambi\u00e9n indicaron que el imputado integrar\u00eda la citada organizaci\u00f3n criminal.&nbsp;El Tren de Aragua est\u00e1 incluida en el Registro P\u00fablico de Personas y Entidades Vinculadas a Actos de Terrorismo y su Financiamiento (RePET) en la Argentina.<\/p>\n\n\n\n<p>Por las huellas digitales, la Oficina Central Nacional (OCN) de Interpol Venezuela inform\u00f3 que la consulta en el Sistema de Investigaci\u00f3n e Informaci\u00f3n Policial (SIIPOL) y el Sistema Administrativo de Identificaci\u00f3n, Migraci\u00f3n y Extranjer\u00eda (SAIME) revel\u00f3 que el imputado&nbsp;registra antecedentes policiales por los delitos de \u201chomicidio intencional\u201d.<\/p>\n\n\n\n<p>El hecho ocurri\u00f3 en agosto de 2013. Asimismo, se lo acusa de&nbsp;\u201cporte, detenci\u00f3n u ocultaci\u00f3n de arma\u201d, por otro caso que databa de enero de 2012, indic\u00f3 el sitio oficial del Ministerio P\u00fablico Fiscal federal.<\/p>\n\n\n\n<h2 class=\"wp-block-heading\"><strong>\u00bfC\u00f3mo ingres\u00f3 a la Argentina?<\/strong><\/h2>\n\n\n\n<p>Al ser detenido, el hombre manifest\u00f3 que entr\u00f3 a nuestro pa\u00eds por un paso fronterizo no habilitado en la provincia de Salta. No realiz\u00f3 ning\u00fan tr\u00e1mite migratorio. Adem\u00e1s,&nbsp;exhibi\u00f3 a las autoridades de Prefectura un \u201ccertificado de extrav\u00edo\u201d de documentaci\u00f3n. Ese papel fue emitido por la Polic\u00eda de Corrientes el 19 de diciembre de 2025. Por otro lado, el individuo consign\u00f3 que lleg\u00f3 al puerto de Ituzaing\u00f3 a fin de trasladarse por v\u00eda fluvial hacia Paraguay.<\/p>\n\n\n\n<p>El imputado indic\u00f3 que hab\u00eda estado en la ciudad misionera de Puerto Iguaz\u00fa. All\u00ed, d\u00edas antes de su detenci\u00f3n, le habr\u00edan robado sus pertenencias, seg\u00fan dijo.<\/p>\n\n\n\n<p>Finalmente,&nbsp;se\u00f1al\u00f3 que sali\u00f3 de manera ilegal desde la Rep\u00fablica Bolivariana de Venezuela en 2017. Luego, transit\u00f3 -siempre de forma irregular- por Colombia, Ecuador, Per\u00fa, Chile, Estados Unidos, Canad\u00e1 y Bolivia.<\/p>\n\n\n\n<p>En el marco de la investigaci\u00f3n, la Unidad Fiscal consult\u00f3 las bases de datos de Migraciones, SIFCOP (Sistema Federal de Comunicaciones Policiales), INTERPOL, Polic\u00eda Federal Argentina y dem\u00e1s organismos competentes. La b\u00fasqueda no arroj\u00f3 informaci\u00f3n sobre la identidad del hombre ni sus antecedentes. De all\u00ed que se haya consultado en forma directa al Consulado de Venezuela y a los Estados Unidos.<\/p>\n","protected":false},"excerpt":{"rendered":"<p>Sus iniciales son JFPV. Tiene 35 a\u00f1os, frases tatuadas en el rostro, decenas de heridas [&hellip;]<\/p>\n","protected":false},"author":1,"featured_media":1107,"comment_status":"closed","ping_status":"closed","sticky":false,"template":"","format":"standard","meta":{"footnotes":""},"categories":[1],"tags":[],"class_list":["post-1106","post","type-post","status-publish","format-standard","has-post-thumbnail","hentry","category-sin-categoria"],"_links":{"self":[{"href":"https:\/\/mascorrientes.com\/index.php\/wp-json\/wp\/v2\/posts\/1106","targetHints":{"allow":["GET"]}}],"collection":[{"href":"https:\/\/mascorrientes.com\/index.php\/wp-json\/wp\/v2\/posts"}],"about":[{"href":"https:\/\/mascorrientes.com\/index.php\/wp-json\/wp\/v2\/types\/post"}],"author":[{"embeddable":true,"href":"https:\/\/mascorrientes.com\/index.php\/wp-json\/wp\/v2\/users\/1"}],"replies":[{"embeddable":true,"href":"https:\/\/mascorrientes.com\/index.php\/wp-json\/wp\/v2\/comments?post=1106"}],"version-history":[{"count":1,"href":"https:\/\/mascorrientes.com\/index.php\/wp-json\/wp\/v2\/posts\/1106\/revisions"}],"predecessor-version":[{"id":1108,"href":"https:\/\/mascorrientes.com\/index.php\/wp-json\/wp\/v2\/posts\/1106\/revisions\/1108"}],"wp:featuredmedia":[{"embeddable":true,"href":"https:\/\/mascorrientes.com\/index.php\/wp-json\/wp\/v2\/media\/1107"}],"wp:attachment":[{"href":"https:\/\/mascorrientes.com\/index.php\/wp-json\/wp\/v2\/media?parent=1106"}],"wp:term":[{"taxonomy":"category","embeddable":true,"href":"https:\/\/mascorrientes.com\/index.php\/wp-json\/wp\/v2\/categories?post=1106"},{"taxonomy":"post_tag","embeddable":true,"href":"https:\/\/mascorrientes.com\/index.php\/wp-json\/wp\/v2\/tags?post=1106"}],"curies":[{"name":"wp","href":"https:\/\/api.w.org\/{rel}","templated":true}]}}