{"id":1103,"date":"2026-01-09T18:21:11","date_gmt":"2026-01-09T18:21:11","guid":{"rendered":"https:\/\/mascorrientes.com\/?p=1103"},"modified":"2026-01-09T18:21:12","modified_gmt":"2026-01-09T18:21:12","slug":"rige-alerta-naranja-por-tormentas-en-la-provincia-de-corrientes","status":"publish","type":"post","link":"https:\/\/mascorrientes.com\/index.php\/2026\/01\/09\/rige-alerta-naranja-por-tormentas-en-la-provincia-de-corrientes\/","title":{"rendered":"RIGE ALERTA NARANJA POR TORMENTAS EN LA PROVINCIA DE CORRIENTES"},"content":{"rendered":"\n<p>El Servicio Meteorol\u00f3gico Nacional emiti\u00f3 un alerta&nbsp;por fuertes tormentas de nivel&nbsp;naranja que afectar\u00e1 a distintas localidades de la provincia de Corrientes, durante la jornada de este viernes<\/p>\n\n\n\n<p>Seg\u00fan el informe del organismo nacional, las \u00e1reas bajo alerta naranja ser\u00e1n afectadas por tormentas fuertes, algunas localmente severas.<\/p>\n\n\n\n<p>Las mismas estar\u00e1n acompa\u00f1adas por frecuente actividad el\u00e9ctrica, granizo ocasional, r\u00e1fagas que pueden superar los 90 km\/h y fundamentalmente abundante ca\u00edda de agua en cortos per\u00edodos<\/p>\n\n\n\n<p>Se prev\u00e9n valores de precipitaci\u00f3n acumulada entre 60 y 100 mm, que pueden ser superados en forma puntual.<\/p>\n\n\n\n<p>Localidades afectadas:<strong>&nbsp;TODAS<\/strong><\/p>\n\n\n\n<h2 class=\"wp-block-heading\"><strong>RECOMENDACIONES<\/strong><\/h2>\n\n\n\n<h2 class=\"wp-block-heading\"><strong>Naranja:<\/strong><\/h2>\n\n\n\n<p>1- Segu\u00ed las instrucciones de las autoridades locales. La calma es fundamental en estas situaciones.<br>2- Sal\u00ed solo si es necesario.<br>3- Permanec\u00e9 en construcciones cerradas como casas, escuelas, edificios p\u00fablicos.<br>4- Desconect\u00e1 los electrodom\u00e9sticos y cort\u00e1 el suministro el\u00e9ctrico si ingresa agua.<br>5- Cerr\u00e1 y al\u00e9jate de puertas y ventanas<br>6- Alejate de zonas inundables y no ingreses en calles anegadas.<br>7- Retir\u00e1 o asegur\u00e1 objetos que puedan ser volados por el viento.<br>8- Prepar\u00e1 un kit de emergencia con agua potable, alimentos, botiqu\u00edn de primeros auxilios, radio a pilas y linterna. Carg\u00e1 los celulares con anticipaci\u00f3n.<br>9- Agend\u00e1 los n\u00fameros locales de Protecci\u00f3n Civil, Bomberos y Polic\u00eda.<\/p>\n\n\n\n<p><\/p>\n","protected":false},"excerpt":{"rendered":"<p>El Servicio Meteorol\u00f3gico Nacional emiti\u00f3 un alerta&nbsp;por fuertes tormentas de nivel&nbsp;naranja que afectar\u00e1 a distintas [&hellip;]<\/p>\n","protected":false},"author":1,"featured_media":1104,"comment_status":"closed","ping_status":"closed","sticky":false,"template":"","format":"standard","meta":{"footnotes":""},"categories":[1],"tags":[],"class_list":["post-1103","post","type-post","status-publish","format-standard","has-post-thumbnail","hentry","category-sin-categoria"],"_links":{"self":[{"href":"https:\/\/mascorrientes.com\/index.php\/wp-json\/wp\/v2\/posts\/1103","targetHints":{"allow":["GET"]}}],"collection":[{"href":"https:\/\/mascorrientes.com\/index.php\/wp-json\/wp\/v2\/posts"}],"about":[{"href":"https:\/\/mascorrientes.com\/index.php\/wp-json\/wp\/v2\/types\/post"}],"author":[{"embeddable":true,"href":"https:\/\/mascorrientes.com\/index.php\/wp-json\/wp\/v2\/users\/1"}],"replies":[{"embeddable":true,"href":"https:\/\/mascorrientes.com\/index.php\/wp-json\/wp\/v2\/comments?post=1103"}],"version-history":[{"count":1,"href":"https:\/\/mascorrientes.com\/index.php\/wp-json\/wp\/v2\/posts\/1103\/revisions"}],"predecessor-version":[{"id":1105,"href":"https:\/\/mascorrientes.com\/index.php\/wp-json\/wp\/v2\/posts\/1103\/revisions\/1105"}],"wp:featuredmedia":[{"embeddable":true,"href":"https:\/\/mascorrientes.com\/index.php\/wp-json\/wp\/v2\/media\/1104"}],"wp:attachment":[{"href":"https:\/\/mascorrientes.com\/index.php\/wp-json\/wp\/v2\/media?parent=1103"}],"wp:term":[{"taxonomy":"category","embeddable":true,"href":"https:\/\/mascorrientes.com\/index.php\/wp-json\/wp\/v2\/categories?post=1103"},{"taxonomy":"post_tag","embeddable":true,"href":"https:\/\/mascorrientes.com\/index.php\/wp-json\/wp\/v2\/tags?post=1103"}],"curies":[{"name":"wp","href":"https:\/\/api.w.org\/{rel}","templated":true}]}}