{"id":1072,"date":"2025-11-18T14:33:18","date_gmt":"2025-11-18T14:33:18","guid":{"rendered":"https:\/\/mascorrientes.com\/?p=1072"},"modified":"2025-11-18T14:33:19","modified_gmt":"2025-11-18T14:33:19","slug":"destituyen-a-la-jueza-makintach-por-el-escandalo-en-el-caso-maradona","status":"publish","type":"post","link":"https:\/\/mascorrientes.com\/index.php\/2025\/11\/18\/destituyen-a-la-jueza-makintach-por-el-escandalo-en-el-caso-maradona\/","title":{"rendered":"DESTITUYEN A LA JUEZA MAKINTACH POR EL ESC\u00c1NDALO EN EL CASO MARADONA"},"content":{"rendered":"\n<p>As\u00ed lo resolvi\u00f3 este martes el jurado de Enjuiciamiento a cargo de su jury. Determin\u00f3 por unanimidad que cometi\u00f3 irregularidades al participar de un documental durante el juicio por la muerte del campe\u00f3n del mundo.<\/p>\n\n\n\n<p>Tras seis audiencias de debate, el jurado de Enjuiciamiento a cargo del jury a&nbsp;Julieta Makintach&nbsp;resolvi\u00f3&nbsp;destituirla como jueza&nbsp;por las irregularidades cometidas durante el juicio por la muerte de Maradona. Ella no estuvo presente en la audiencia para escuchar el fallo.<\/p>\n\n\n\n<p>El veredicto se dio a conocer este martes a las 10 de la ma\u00f1ana en el Anexo de la&nbsp;C\u00e1mara de Senadores&nbsp;de la provincia de&nbsp;Buenos Aires, donde se llev\u00f3 adelante todo el proceso desencadenado por el esc\u00e1ndalo del documental \u201cJusticia Divina\u201d que&nbsp;Makintach&nbsp;protagonizaba durante el debate oral por el fallecimiento del Diez.<\/p>\n\n\n\n<p>Seg\u00fan supo&nbsp;Infobae, los 11 integrantes del jurado de Enjuiciamiento, encabezado por la Presidenta de la&nbsp;Suprema Corte Bonaerense,&nbsp;Hilda Hogan, definieron el veredicto por mayor\u00eda durante el fin de semana.&nbsp;El jueves hab\u00eda sido la \u00faltima audiencia del jury, que termin\u00f3 con los alegatos de las partes.<\/p>\n\n\n\n<p>Ver\u00f3nica Ojeda, su hijo Dieguito Fernando y su pareja&nbsp;Mario Baudry&nbsp;-tambi\u00e9n abogado del caso&nbsp;Maradona- vinieron por primera vez al jury este martes y escucharon la resoluci\u00f3n en primera fila.<\/p>\n\n\n\n<p>Con la destituci\u00f3n,&nbsp;Makintach&nbsp;no podr\u00e1 volver a desempe\u00f1ar funciones en el \u00e1mbito judicial, como as\u00ed tampoco percibir\u00e1 la jubilaci\u00f3n de magistrada.<\/p>\n\n\n\n<p>Es un escenario muy distinto al que Makintach esperaba, cuya intenci\u00f3n siempre fue que el gobernador bonaerense,&nbsp;Axel Kicillof, le aceptara la renuncia que present\u00f3 en junio.&nbsp;Eso le daba la posibilidad de que, en alg\u00fan futuro cercano, la jueza del esc\u00e1ndalo volviera a trabajar en alg\u00fan otro cargo de la Justicia.<\/p>\n\n\n\n<p>Hasta el jueves, cuando fueron los alegatos, Makintach confiaba en que el fallo resultar\u00eda favorable para ella. En di\u00e1logo con&nbsp;Infobae&nbsp;dijo que ella deseaba que no la destituyeran y que luego le aceptaran su renuncia.<\/p>\n\n\n\n<p>\u201cYo despu\u00e9s de lo que viv\u00ed como imputada no quiero pertenecer al poder judicial. Me negaron prueba, ocultaron prueba, yo no que no quiero saber m\u00e1s nada con la justicia, pero quiero reinventarme tranquila. Me quiero ir en paz. B\u00e1sicamente, me quiero ir en paz\u201d, hab\u00eda dicho.<\/p>\n\n\n\n<p>El jueves en los alegatos, la fiscal&nbsp;Anal\u00eda Duarte, que encabeza la acusaci\u00f3n a la jueza del esc\u00e1ndalo fue clara y contundente: \u201cLa doctora Makintach ha perdido las condiciones que exige la Constituci\u00f3n para el ejercicio de la magistratura y entiendo que corresponde su destituci\u00f3n\u201d, dijo la representante de la&nbsp;Procuraci\u00f3n Bonaerense&nbsp;mirando al jurado de Enjuiciamiento.<\/p>\n\n\n\n<p>A su turno, Duarte explic\u00f3 que qued\u00f3 probado que Makintach acept\u00f3 la propuesta que le hizo su amiga sobre el documental, pero con la condici\u00f3n que sea bajo su aprobaci\u00f3n y supervisi\u00f3n.<\/p>\n\n\n\n<p>\u201cMakintach conoc\u00eda el trailer. Que el guion ya estaba agregado en febrero. En marzo ya estaban los 6 t\u00edtulos de los 6 cap\u00edtulos. Ya estaba el t\u00edtulo \u201cla Justicia y la sentencia\u201d. En marzo la doctora ya sab\u00eda que hab\u00eda una condena&#8221;, asegur\u00f3 en su alegato. Y agreg\u00f3:&nbsp;\u201cEl testigo Arnal (due\u00f1o de la productora) dijo textual \u2018era una miniserie sobre el juicio por Maradona y nosotros ten\u00edamos a la jueza\u2019. Es decir, todo esto no se podr\u00eda haber llevado a cabo sin la doctora Makintach\u201d.<\/p>\n\n\n\n<p>El senador bonaerense y conjuez del jury, Sergio Vargas, expuso en la lectura del veredicto en La Plata y fue contundente al expresar que \u201ccuando se encienden las c\u00e1maras, corre peligro que el ego de un juez apague la justicia\u201d.<\/p>\n\n\n\n<p>\u201cCuando un juez hace de sus actos una b\u00fasqueda de atenci\u00f3n medi\u00e1tica, con claros fines de fama o notoriedad, genera una sospecha fundada, de que las decisiones o acciones del juez, no est\u00e1n motivadas \u00fanicamente por la ley, sino por el deseo de ser la jueza del caso\u201d, sostuvo el legislador.<\/p>\n\n\n\n<p>En los pr\u00f3ximos d\u00edas, la resoluci\u00f3n sobre la destituci\u00f3n ser\u00e1 remitida a la Suprema Corte.<\/p>\n","protected":false},"excerpt":{"rendered":"<p>As\u00ed lo resolvi\u00f3 este martes el jurado de Enjuiciamiento a cargo de su jury. Determin\u00f3 [&hellip;]<\/p>\n","protected":false},"author":1,"featured_media":1073,"comment_status":"closed","ping_status":"closed","sticky":false,"template":"","format":"standard","meta":{"footnotes":""},"categories":[1],"tags":[],"class_list":["post-1072","post","type-post","status-publish","format-standard","has-post-thumbnail","hentry","category-sin-categoria"],"_links":{"self":[{"href":"https:\/\/mascorrientes.com\/index.php\/wp-json\/wp\/v2\/posts\/1072","targetHints":{"allow":["GET"]}}],"collection":[{"href":"https:\/\/mascorrientes.com\/index.php\/wp-json\/wp\/v2\/posts"}],"about":[{"href":"https:\/\/mascorrientes.com\/index.php\/wp-json\/wp\/v2\/types\/post"}],"author":[{"embeddable":true,"href":"https:\/\/mascorrientes.com\/index.php\/wp-json\/wp\/v2\/users\/1"}],"replies":[{"embeddable":true,"href":"https:\/\/mascorrientes.com\/index.php\/wp-json\/wp\/v2\/comments?post=1072"}],"version-history":[{"count":1,"href":"https:\/\/mascorrientes.com\/index.php\/wp-json\/wp\/v2\/posts\/1072\/revisions"}],"predecessor-version":[{"id":1074,"href":"https:\/\/mascorrientes.com\/index.php\/wp-json\/wp\/v2\/posts\/1072\/revisions\/1074"}],"wp:featuredmedia":[{"embeddable":true,"href":"https:\/\/mascorrientes.com\/index.php\/wp-json\/wp\/v2\/media\/1073"}],"wp:attachment":[{"href":"https:\/\/mascorrientes.com\/index.php\/wp-json\/wp\/v2\/media?parent=1072"}],"wp:term":[{"taxonomy":"category","embeddable":true,"href":"https:\/\/mascorrientes.com\/index.php\/wp-json\/wp\/v2\/categories?post=1072"},{"taxonomy":"post_tag","embeddable":true,"href":"https:\/\/mascorrientes.com\/index.php\/wp-json\/wp\/v2\/tags?post=1072"}],"curies":[{"name":"wp","href":"https:\/\/api.w.org\/{rel}","templated":true}]}}