{"id":1062,"date":"2025-11-18T14:31:07","date_gmt":"2025-11-18T14:31:07","guid":{"rendered":"https:\/\/mascorrientes.com\/?p=1062"},"modified":"2025-11-18T14:31:07","modified_gmt":"2025-11-18T14:31:07","slug":"adolescente-jugaba-en-el-rio-lo-arrastro-la-corriente-y-desaparecio","status":"publish","type":"post","link":"https:\/\/mascorrientes.com\/index.php\/2025\/11\/18\/adolescente-jugaba-en-el-rio-lo-arrastro-la-corriente-y-desaparecio\/","title":{"rendered":"ADOLESCENTE JUGABA EN EL R\u00cdO, LO ARRASTR\u00d3 LA CORRIENTE Y DESAPARECI\u00d3"},"content":{"rendered":"\n<p>Se trata de un jovencito de 15 a\u00f1os que jugaba junto a dos amigos en zona de \u201cLa Tosquera\u201d en el barrio R\u00edo Paran\u00e1 de la Capital. El adolescente ingres\u00f3 al R\u00edo Paran\u00e1, fue arrastrado por la corriente y desapareci\u00f3 de la superficie.<audio src=\"https:\/\/www.radiosudamericana.com\/notix\/multimedia\/audios\/2025-11-17\/469903.mp3\"><\/audio><\/p>\n\n\n\n<p>Seg\u00fan informaron a Radio Sudamericana, el lunes por la siesta, un menor de 15 a\u00f1os de apellido Guti\u00e9rrez se encontraba jugando con sus amigos en la zona de &#8220;La&nbsp;Tosquera&#8221;.&nbsp;<strong>Decidi\u00f3 nadar en las aguas del rio Paran\u00e1 pero fue arrastrado por la corriente.<\/strong><\/p>\n\n\n\n<p><strong>El\u00a0hecho se dio en el sur de la ciudad, detr\u00e1s\u00a0del predio de Santa Catalina, en Corrientes Capital<\/strong>. La situaci\u00f3n fue presenciada por un mallonero que vio al joven arrojarse al agua y trato de sacarlo,\u00a0<strong>pero sin \u00e9xito.\u00a0<\/strong><\/p>\n\n\n\n<p>La<strong>&nbsp;Polic\u00eda de Corrientes y Prefectura<\/strong>&nbsp;trabajaron en el lugar para tratar de encontrar el cuerpo del menor.<\/p>\n\n\n\n<h2 class=\"wp-block-heading\"><strong>Parte policial<\/strong><\/h2>\n\n\n\n<p><br><strong>Seg\u00fan la informaci\u00f3n inicial obtenida, el hecho se habr\u00eda registrado alrededor de las 16:30 horas<\/strong>, momentos en que tres menores de edad se encontraban jugando en la costa y en un momento&nbsp;<strong>dado uno de ellos \u2013de 15 a\u00f1os- habr\u00eda ingresado a las aguas del mencionado Rio<\/strong>, con aparentes intensiones de refrescarse, lo cual fue advertido por un pescador que se encontraba en el lugar, quien intent\u00f3 salvar al menor, pero despareci\u00f3 de la superficie acu\u00e1tica.<\/p>\n\n\n\n<p><br>Por tal motivo,&nbsp;<strong>personal de la Prefectura Naval Argentina<\/strong>&nbsp;se encuentra realizando la b\u00fasqueda del mismo. Por el hecho y por disposici\u00f3n de las autoridades judiciales en turno, hasta el momento no se iniciaron acusaciones judiciales.<\/p>\n","protected":false},"excerpt":{"rendered":"<p>Se trata de un jovencito de 15 a\u00f1os que jugaba junto a dos amigos en [&hellip;]<\/p>\n","protected":false},"author":1,"featured_media":1063,"comment_status":"closed","ping_status":"closed","sticky":false,"template":"","format":"standard","meta":{"footnotes":""},"categories":[1],"tags":[],"class_list":["post-1062","post","type-post","status-publish","format-standard","has-post-thumbnail","hentry","category-sin-categoria"],"_links":{"self":[{"href":"https:\/\/mascorrientes.com\/index.php\/wp-json\/wp\/v2\/posts\/1062","targetHints":{"allow":["GET"]}}],"collection":[{"href":"https:\/\/mascorrientes.com\/index.php\/wp-json\/wp\/v2\/posts"}],"about":[{"href":"https:\/\/mascorrientes.com\/index.php\/wp-json\/wp\/v2\/types\/post"}],"author":[{"embeddable":true,"href":"https:\/\/mascorrientes.com\/index.php\/wp-json\/wp\/v2\/users\/1"}],"replies":[{"embeddable":true,"href":"https:\/\/mascorrientes.com\/index.php\/wp-json\/wp\/v2\/comments?post=1062"}],"version-history":[{"count":1,"href":"https:\/\/mascorrientes.com\/index.php\/wp-json\/wp\/v2\/posts\/1062\/revisions"}],"predecessor-version":[{"id":1064,"href":"https:\/\/mascorrientes.com\/index.php\/wp-json\/wp\/v2\/posts\/1062\/revisions\/1064"}],"wp:featuredmedia":[{"embeddable":true,"href":"https:\/\/mascorrientes.com\/index.php\/wp-json\/wp\/v2\/media\/1063"}],"wp:attachment":[{"href":"https:\/\/mascorrientes.com\/index.php\/wp-json\/wp\/v2\/media?parent=1062"}],"wp:term":[{"taxonomy":"category","embeddable":true,"href":"https:\/\/mascorrientes.com\/index.php\/wp-json\/wp\/v2\/categories?post=1062"},{"taxonomy":"post_tag","embeddable":true,"href":"https:\/\/mascorrientes.com\/index.php\/wp-json\/wp\/v2\/tags?post=1062"}],"curies":[{"name":"wp","href":"https:\/\/api.w.org\/{rel}","templated":true}]}}