{"id":1051,"date":"2025-10-13T21:10:54","date_gmt":"2025-10-13T21:10:54","guid":{"rendered":"https:\/\/mascorrientes.com\/?p=1051"},"modified":"2025-10-27T21:11:13","modified_gmt":"2025-10-27T21:11:13","slug":"registraron-a-un-hombre-que-habria-sacado-fotos-intimas-a-jovencitas","status":"publish","type":"post","link":"https:\/\/mascorrientes.com\/index.php\/2025\/10\/13\/registraron-a-un-hombre-que-habria-sacado-fotos-intimas-a-jovencitas\/","title":{"rendered":"REGISTRARON A UN HOMBRE QUE HABR\u00cdA SACADO FOTOS &#8220;\u00cdNTIMAS&#8221; A JOVENCITAS"},"content":{"rendered":"\n<p>El hecho ocurri\u00f3 el fin de semana en un comercio ubicado en la ciudad de Paso de los Libres. El hombre fue captado por las c\u00e1maras de seguridad haciendo movimientos sospechosos y se presume que sacaba fotos&nbsp;a las jovencitas que compraban en el negocio. Fuerte repudio en redes sociales.<\/p>\n\n\n\n<p>La comunidad de Paso de los Libres se encuentra conmocionada tras la difusi\u00f3n de un video en el que se observa a un hombre con actitudes sospechosas dentro de un comercio. Las im\u00e1genes, registradas por las c\u00e1maras de seguridad del local, muestran al sujeto realizando movimientos que llamaron la atenci\u00f3n de los encargados del negocio, quienes<strong>&nbsp;sospechan que tomaba fotograf\u00edas a las j\u00f3venes que ingresaban a comprar.<\/strong><\/p>\n\n\n\n<figure class=\"wp-block-embed is-type-rich is-provider-gestor-del-servicio wp-block-embed-gestor-del-servicio\"><div class=\"wp-block-embed__wrapper\">\nhttps:\/\/youtube.com\/watch?v=wsnbuEHTH9M%3Fsi%3DSFTtADEMdMeDloEP\n<\/div><\/figure>\n\n\n\n<p>El hecho habr\u00eda ocurrido en los \u00faltimos d\u00edas&nbsp;en un comercio c\u00e9ntrico de la ciudad, y las im\u00e1genes comenzaron a circular en redes sociales horas despu\u00e9s.<\/p>\n\n\n\n<p>En el video, se lo ve al individuo manipulando su tel\u00e9fono celular bajando la c\u00e1mara como para captar partes \u00edntimas de las j\u00f3venes.&nbsp;<\/p>\n\n\n\n<h3 class=\"wp-block-heading\"><strong>Desde el comercio expresaron:&nbsp;<\/strong><\/h3>\n\n\n\n<p><strong>IMPORTANTE!!! Queremos informar que desde el primer momento que sucederieron los hechos el local tom\u00f3 las medidas con las autoridades correspondientes y se manej\u00f3 con discreci\u00f3n por respeto a las v\u00edctimas, pero repudiamos este tipo de acciones hacia las ni\u00f1as. Gracias por su comprensi\u00f3n.&nbsp;<\/strong><strong>Mini once.<\/strong><\/p>\n","protected":false},"excerpt":{"rendered":"<p>El hecho ocurri\u00f3 el fin de semana en un comercio ubicado en la ciudad de [&hellip;]<\/p>\n","protected":false},"author":1,"featured_media":1053,"comment_status":"closed","ping_status":"closed","sticky":false,"template":"","format":"standard","meta":{"footnotes":""},"categories":[1],"tags":[],"class_list":["post-1051","post","type-post","status-publish","format-standard","has-post-thumbnail","hentry","category-sin-categoria"],"_links":{"self":[{"href":"https:\/\/mascorrientes.com\/index.php\/wp-json\/wp\/v2\/posts\/1051","targetHints":{"allow":["GET"]}}],"collection":[{"href":"https:\/\/mascorrientes.com\/index.php\/wp-json\/wp\/v2\/posts"}],"about":[{"href":"https:\/\/mascorrientes.com\/index.php\/wp-json\/wp\/v2\/types\/post"}],"author":[{"embeddable":true,"href":"https:\/\/mascorrientes.com\/index.php\/wp-json\/wp\/v2\/users\/1"}],"replies":[{"embeddable":true,"href":"https:\/\/mascorrientes.com\/index.php\/wp-json\/wp\/v2\/comments?post=1051"}],"version-history":[{"count":1,"href":"https:\/\/mascorrientes.com\/index.php\/wp-json\/wp\/v2\/posts\/1051\/revisions"}],"predecessor-version":[{"id":1054,"href":"https:\/\/mascorrientes.com\/index.php\/wp-json\/wp\/v2\/posts\/1051\/revisions\/1054"}],"wp:featuredmedia":[{"embeddable":true,"href":"https:\/\/mascorrientes.com\/index.php\/wp-json\/wp\/v2\/media\/1053"}],"wp:attachment":[{"href":"https:\/\/mascorrientes.com\/index.php\/wp-json\/wp\/v2\/media?parent=1051"}],"wp:term":[{"taxonomy":"category","embeddable":true,"href":"https:\/\/mascorrientes.com\/index.php\/wp-json\/wp\/v2\/categories?post=1051"},{"taxonomy":"post_tag","embeddable":true,"href":"https:\/\/mascorrientes.com\/index.php\/wp-json\/wp\/v2\/tags?post=1051"}],"curies":[{"name":"wp","href":"https:\/\/api.w.org\/{rel}","templated":true}]}}