{"id":1046,"date":"2025-10-13T21:08:21","date_gmt":"2025-10-13T21:08:21","guid":{"rendered":"https:\/\/mascorrientes.com\/?p=1046"},"modified":"2025-10-27T21:11:17","modified_gmt":"2025-10-27T21:11:17","slug":"entraron-a-robar-a-su-casa-se-la-incendiaron-y-quedo-sin-nada","status":"publish","type":"post","link":"https:\/\/mascorrientes.com\/index.php\/2025\/10\/13\/entraron-a-robar-a-su-casa-se-la-incendiaron-y-quedo-sin-nada\/","title":{"rendered":"ENTRARON A ROBAR A SU CASA, SE LA INCENDIARON Y QUED\u00d3 SIN NADA"},"content":{"rendered":"\n<p>Ahora, Juan necesita ayuda para recuperar la estructura y seguir con su vida. Es trabajador de la construcci\u00f3n y el hecho sucedi\u00f3 este domingo en una casa del Barrio San Antonio Oeste en la Capital de Corrientes. \u00a0<audio src=\"https:\/\/www.radiosudamericana.com\/notix\/multimedia\/audios\/2025-10-13\/570373.mp3\"><\/audio><\/p>\n\n\n\n<p>Juan Carlos Ch\u00e1vez es un joven alba\u00f1il que el domingo a la madrugada se encontr\u00f3 con su casa incendi\u00e1ndose. El mismo hab\u00eda salido de trabajar el s\u00e1bado y fue a lo de unos amigos a pasar un rato, pero regres\u00f3 a su casa y hall\u00f3 que su propiedad se quemaba.<\/p>\n\n\n\n<p>Fue en el Barrio San Roque Oeste, entre las 00.30 y la 1 del domingo y sospechan que el hecho fue intencional, ya que los bomberos dijeron que le tiraron alcohol. Cont\u00f3 que desconocidos entraron por la ventana y revolvieron todo para cometer un robo, tras lo cual iniciaron el fuego rociando con combustible el ropero y la cama.<\/p>\n\n\n\n<p>Juan cont\u00f3 que no sospecha de nadie porque \u201cno tengo problemas con los vecinos ni nadie\u201d y que le destruyeron no solo su ropa y muebles, sino tambi\u00e9n la estructura que result\u00f3 seriamente da\u00f1ada.<\/p>\n\n\n\n<p>Ahora, necesita ayuda para poder tener al menos una cama y un colch\u00f3n para descansar. Asimismo, solicit\u00f3 ayuda con la donaci\u00f3n de materiales de construcci\u00f3n para poder arreglar la propiedad que se encuentra en calle Taf\u00ed del Valle 2724.<\/p>\n\n\n\n<p>Para quienes deseen colaborar, indic\u00f3 el n\u00famero de su madre, Rita Fern\u00e1ndez, que es el1 379 5047698.<\/p>\n","protected":false},"excerpt":{"rendered":"<p>Ahora, Juan necesita ayuda para recuperar la estructura y seguir con su vida. Es trabajador [&hellip;]<\/p>\n","protected":false},"author":1,"featured_media":1050,"comment_status":"closed","ping_status":"closed","sticky":false,"template":"","format":"standard","meta":{"footnotes":""},"categories":[1],"tags":[],"class_list":["post-1046","post","type-post","status-publish","format-standard","has-post-thumbnail","hentry","category-sin-categoria"],"_links":{"self":[{"href":"https:\/\/mascorrientes.com\/index.php\/wp-json\/wp\/v2\/posts\/1046","targetHints":{"allow":["GET"]}}],"collection":[{"href":"https:\/\/mascorrientes.com\/index.php\/wp-json\/wp\/v2\/posts"}],"about":[{"href":"https:\/\/mascorrientes.com\/index.php\/wp-json\/wp\/v2\/types\/post"}],"author":[{"embeddable":true,"href":"https:\/\/mascorrientes.com\/index.php\/wp-json\/wp\/v2\/users\/1"}],"replies":[{"embeddable":true,"href":"https:\/\/mascorrientes.com\/index.php\/wp-json\/wp\/v2\/comments?post=1046"}],"version-history":[{"count":1,"href":"https:\/\/mascorrientes.com\/index.php\/wp-json\/wp\/v2\/posts\/1046\/revisions"}],"predecessor-version":[{"id":1049,"href":"https:\/\/mascorrientes.com\/index.php\/wp-json\/wp\/v2\/posts\/1046\/revisions\/1049"}],"wp:featuredmedia":[{"embeddable":true,"href":"https:\/\/mascorrientes.com\/index.php\/wp-json\/wp\/v2\/media\/1050"}],"wp:attachment":[{"href":"https:\/\/mascorrientes.com\/index.php\/wp-json\/wp\/v2\/media?parent=1046"}],"wp:term":[{"taxonomy":"category","embeddable":true,"href":"https:\/\/mascorrientes.com\/index.php\/wp-json\/wp\/v2\/categories?post=1046"},{"taxonomy":"post_tag","embeddable":true,"href":"https:\/\/mascorrientes.com\/index.php\/wp-json\/wp\/v2\/tags?post=1046"}],"curies":[{"name":"wp","href":"https:\/\/api.w.org\/{rel}","templated":true}]}}