{"id":1034,"date":"2025-10-13T21:05:16","date_gmt":"2025-10-13T21:05:16","guid":{"rendered":"https:\/\/mascorrientes.com\/?p=1034"},"modified":"2025-10-27T21:11:35","modified_gmt":"2025-10-27T21:11:35","slug":"ariel-y-david-cunio-llamaron-a-su-familia-antes-de-ser-liberados","status":"publish","type":"post","link":"https:\/\/mascorrientes.com\/index.php\/2025\/10\/13\/ariel-y-david-cunio-llamaron-a-su-familia-antes-de-ser-liberados\/","title":{"rendered":"ARIEL Y DAVID CUNIO LLAMARON A SU FAMILIA ANTES DE SER LIBERADOS"},"content":{"rendered":"\n<p>Ariel y David Cunio, secuestrados en 2023 durante el ataque del 7 de octubre, hablaron por videollamada con su familia antes de ser entregados a la Cruz Roja.<\/p>\n\n\n\n<p>En la madrugada de este lunes,&nbsp;Ariel y David Cunio, dos de los tres argentinos que permanecen cautivos en la Franja de Gaza,&nbsp;pudieron hablar con su familia por videollamada&nbsp;antes de ser entregados a la&nbsp;Cruz Roja Internacional.<\/p>\n\n\n\n<p>Ambos fueron&nbsp;secuestrados por Hamas el 7 de octubre de 2023, durante el ataque a comunidades israel\u00edes cercanas a la frontera con Gaza. Su liberaci\u00f3n forma parte del&nbsp;acuerdo impulsado por Estados Unidos y Donald Trump, que prev\u00e9 la entrega de los \u00faltimos rehenes israel\u00edes y extranjeros retenidos en el enclave.<\/p>\n\n\n\n<p>Fuentes militares confirmaron que&nbsp;el traslado del primer grupo de liberados ya comenz\u00f3&nbsp;y que la entrega de los restantes, entre ellos los tres argentinos \u2014los hermanos Cunio y Eitan Horn\u2014, est\u00e1 prevista para las pr\u00f3ximas horas.<\/p>\n\n\n\n<p>\u201cEst\u00e1n vivos y se ven bien\u201d: la emoci\u00f3n de la mam\u00e1 despu\u00e9s de 700 d\u00edas de espera<\/p>\n\n\n\n<p>La madre de los hermanos,&nbsp;Sylvia Cunio, cont\u00f3 a la televisi\u00f3n israel\u00ed que la videollamada fue breve pero conmovedora. \u201cNo escuch\u00e9 nada de lo que dijo, hab\u00eda demasiado ruido, no me importa, est\u00e1 libre\u201d, expres\u00f3 entre l\u00e1grimas.<\/p>\n\n\n\n<p>Minutos despu\u00e9s, relat\u00f3 que&nbsp;al principio no reconoci\u00f3 el n\u00famero&nbsp;y dud\u00f3 en contestar. \u201cSe ven perfectamente bien; la barba de David est\u00e1 m\u00e1s blanca, pero no importa. Les dije que los adoro\u201d, afirm\u00f3.<\/p>\n\n\n\n<p>David Cunio&nbsp;fue secuestrado junto a su esposa&nbsp;Sharon Aloni Cunio&nbsp;y sus hijas mellizas,&nbsp;Yuli y Emma, de tres a\u00f1os, liberadas durante la primera tregua de noviembre de 2023.<\/p>\n\n\n\n<p>Su hermano&nbsp;Ariel&nbsp;fue capturado con su novia&nbsp;Arbel Yehud, quien recuper\u00f3 la libertad en febrero de este a\u00f1o. Ambos fueron secuestrados en el&nbsp;kibutz Nir Oz, una de las comunidades m\u00e1s afectadas por el ataque.<\/p>\n","protected":false},"excerpt":{"rendered":"<p>Ariel y David Cunio, secuestrados en 2023 durante el ataque del 7 de octubre, hablaron [&hellip;]<\/p>\n","protected":false},"author":1,"featured_media":1035,"comment_status":"closed","ping_status":"closed","sticky":false,"template":"","format":"standard","meta":{"footnotes":""},"categories":[1],"tags":[],"class_list":["post-1034","post","type-post","status-publish","format-standard","has-post-thumbnail","hentry","category-sin-categoria"],"_links":{"self":[{"href":"https:\/\/mascorrientes.com\/index.php\/wp-json\/wp\/v2\/posts\/1034","targetHints":{"allow":["GET"]}}],"collection":[{"href":"https:\/\/mascorrientes.com\/index.php\/wp-json\/wp\/v2\/posts"}],"about":[{"href":"https:\/\/mascorrientes.com\/index.php\/wp-json\/wp\/v2\/types\/post"}],"author":[{"embeddable":true,"href":"https:\/\/mascorrientes.com\/index.php\/wp-json\/wp\/v2\/users\/1"}],"replies":[{"embeddable":true,"href":"https:\/\/mascorrientes.com\/index.php\/wp-json\/wp\/v2\/comments?post=1034"}],"version-history":[{"count":1,"href":"https:\/\/mascorrientes.com\/index.php\/wp-json\/wp\/v2\/posts\/1034\/revisions"}],"predecessor-version":[{"id":1036,"href":"https:\/\/mascorrientes.com\/index.php\/wp-json\/wp\/v2\/posts\/1034\/revisions\/1036"}],"wp:featuredmedia":[{"embeddable":true,"href":"https:\/\/mascorrientes.com\/index.php\/wp-json\/wp\/v2\/media\/1035"}],"wp:attachment":[{"href":"https:\/\/mascorrientes.com\/index.php\/wp-json\/wp\/v2\/media?parent=1034"}],"wp:term":[{"taxonomy":"category","embeddable":true,"href":"https:\/\/mascorrientes.com\/index.php\/wp-json\/wp\/v2\/categories?post=1034"},{"taxonomy":"post_tag","embeddable":true,"href":"https:\/\/mascorrientes.com\/index.php\/wp-json\/wp\/v2\/tags?post=1034"}],"curies":[{"name":"wp","href":"https:\/\/api.w.org\/{rel}","templated":true}]}}