{"id":1027,"date":"2025-09-11T18:17:02","date_gmt":"2025-09-11T18:17:02","guid":{"rendered":"https:\/\/mascorrientes.com\/?p=1027"},"modified":"2025-09-11T18:17:03","modified_gmt":"2025-09-11T18:17:03","slug":"quiero-asustarlos-el-aviso-de-la-nena-que-se-atrinchero-con-un-arma","status":"publish","type":"post","link":"https:\/\/mascorrientes.com\/index.php\/2025\/09\/11\/quiero-asustarlos-el-aviso-de-la-nena-que-se-atrinchero-con-un-arma\/","title":{"rendered":"&#8220;QUIERO ASUSTARLOS&#8221;: EL AVISO DE LA NENA QUE SE ATRINCHER\u00d3 CON UN ARMA"},"content":{"rendered":"\n<p>La estudiante de 14 a\u00f1os ingres\u00f3 con una pistola a la escuela Marcelino Blanco de La Paz, efectu\u00f3 disparos y apunt\u00f3 a docentes y compa\u00f1eros. Hab\u00eda advertido semanas antes que llevar\u00eda un arma al establecimiento<\/p>\n\n\n\n<p>Los alumnos de la escuela Marcelino Blanco de La Paz vivieron momentos de terror este mi\u00e9rcoles por la ma\u00f1ana cuando una adolescente de 14 a\u00f1os ingres\u00f3 al establecimiento con un arma de fuego y se atrincher\u00f3 durante siete horas, hasta que finalmente fue reducida por la polic\u00eda.<\/p>\n\n\n\n<p>Seg\u00fan testigos, semanas atr\u00e1s la menor hab\u00eda anticipado su plan a su c\u00edrculo cercano. \u201cQuiero asustarlos\u201d, les habr\u00eda dicho a sus compa\u00f1eros, aunque esas advertencias no fueron tomadas en cuenta.<\/p>\n\n\n\n<p>El hecho comenz\u00f3 cerca de las 9, cuando la adolescente lleg\u00f3 con una pistola calibre 9 mil\u00edmetros, que ser\u00eda de su padre, un excomisario de San Luis. De acuerdo con el relato de alumnos, efectu\u00f3 dos disparos. \u201cTodos pensaron que era un chasquibum, pero ella les dijo: \u2018\u00bfQu\u00e9 chasquibum?\u2019, y sac\u00f3 el arma y peg\u00f3 un tiro en el piso\u201d, cont\u00f3 una estudiante en un audio que se viraliz\u00f3 entre los padres.<\/p>\n\n\n\n<p>Los testimonios de alumnos y familiares coinciden en se\u00f1alar que la adolescente sufr\u00eda situaciones de hostigamiento. \u201cConozco a la hermana de la chica. Ella sufr\u00eda bullying, aunque no s\u00e9 de qu\u00e9 tipo. La estaba pasando mal y no se lo contaba a nadie. Capaz, ten\u00eda miedo\u201d, relat\u00f3 un compa\u00f1ero a Canal 7 de Mendoza.<\/p>\n\n\n\n<p>Durante el episodio, la joven recorri\u00f3 pasillos y golpe\u00f3 puertas con la culata del arma. Seg\u00fan testigos, buscaba a un compa\u00f1ero que le hac\u00eda bullying, adem\u00e1s de a una preceptora y a una profesora de matem\u00e1ticas. \u201c\u00bfAhora ten\u00e9s miedo?\u201d, le habr\u00eda dicho a la docente mientras la apuntaba.<\/p>\n\n\n\n<p>\u201cLe apunt\u00f3 a mi hija y le orden\u00f3 que se metiera al aula. Ella logr\u00f3 contener a sus compa\u00f1eros, pero una de las chicas tuvo una crisis nerviosa\u201d, relat\u00f3 la madre de una alumna a TN.<\/p>\n\n\n\n<p>La polic\u00eda negoci\u00f3 durante horas hasta que logr\u00f3 que la adolescente entregara el arma. Fue trasladada en ambulancia a un hospital y qued\u00f3 bajo atenci\u00f3n del Cuerpo Especial de Salud Mental. \u201cEl operativo fue un \u00e9xito. La nena est\u00e1 bien y est\u00e1 siendo atendida por profesionales\u201d, se\u00f1al\u00f3 el fiscal a cargo del caso.<\/p>\n\n\n\n<p>La investigaci\u00f3n busca determinar c\u00f3mo obtuvo la menor la pistola y confirmar si pertenec\u00eda a su padre. Padres y compa\u00f1eros la describieron como \u201ccalladita, t\u00edmida, con excelente rendimiento acad\u00e9mico\u201d, lo que aumenta la conmoci\u00f3n por el hecho.<\/p>\n","protected":false},"excerpt":{"rendered":"<p>La estudiante de 14 a\u00f1os ingres\u00f3 con una pistola a la escuela Marcelino Blanco de [&hellip;]<\/p>\n","protected":false},"author":1,"featured_media":1028,"comment_status":"closed","ping_status":"closed","sticky":false,"template":"","format":"standard","meta":{"footnotes":""},"categories":[1],"tags":[],"class_list":["post-1027","post","type-post","status-publish","format-standard","has-post-thumbnail","hentry","category-sin-categoria"],"_links":{"self":[{"href":"https:\/\/mascorrientes.com\/index.php\/wp-json\/wp\/v2\/posts\/1027","targetHints":{"allow":["GET"]}}],"collection":[{"href":"https:\/\/mascorrientes.com\/index.php\/wp-json\/wp\/v2\/posts"}],"about":[{"href":"https:\/\/mascorrientes.com\/index.php\/wp-json\/wp\/v2\/types\/post"}],"author":[{"embeddable":true,"href":"https:\/\/mascorrientes.com\/index.php\/wp-json\/wp\/v2\/users\/1"}],"replies":[{"embeddable":true,"href":"https:\/\/mascorrientes.com\/index.php\/wp-json\/wp\/v2\/comments?post=1027"}],"version-history":[{"count":1,"href":"https:\/\/mascorrientes.com\/index.php\/wp-json\/wp\/v2\/posts\/1027\/revisions"}],"predecessor-version":[{"id":1029,"href":"https:\/\/mascorrientes.com\/index.php\/wp-json\/wp\/v2\/posts\/1027\/revisions\/1029"}],"wp:featuredmedia":[{"embeddable":true,"href":"https:\/\/mascorrientes.com\/index.php\/wp-json\/wp\/v2\/media\/1028"}],"wp:attachment":[{"href":"https:\/\/mascorrientes.com\/index.php\/wp-json\/wp\/v2\/media?parent=1027"}],"wp:term":[{"taxonomy":"category","embeddable":true,"href":"https:\/\/mascorrientes.com\/index.php\/wp-json\/wp\/v2\/categories?post=1027"},{"taxonomy":"post_tag","embeddable":true,"href":"https:\/\/mascorrientes.com\/index.php\/wp-json\/wp\/v2\/tags?post=1027"}],"curies":[{"name":"wp","href":"https:\/\/api.w.org\/{rel}","templated":true}]}}