{"id":1015,"date":"2025-09-11T18:13:16","date_gmt":"2025-09-11T18:13:16","guid":{"rendered":"https:\/\/mascorrientes.com\/?p=1015"},"modified":"2025-09-11T18:13:17","modified_gmt":"2025-09-11T18:13:17","slug":"la-inflacion-de-agosto-fue-del-19-y-acumula-un-336-interanual","status":"publish","type":"post","link":"https:\/\/mascorrientes.com\/index.php\/2025\/09\/11\/la-inflacion-de-agosto-fue-del-19-y-acumula-un-336-interanual\/","title":{"rendered":"LA INFLACI\u00d3N DE AGOSTO FUE DEL 1,9% Y ACUMULA UN 33,6% INTERANUAL"},"content":{"rendered":"\n<p>El \u00cdndice de Precios al Consumidor (IPC) mensual se mantuvo igual que en julio. En lo que va del 2025 el acumulado qued\u00f3 en&nbsp;19,5%<\/p>\n\n\n\n<p>El Instituto Nacional de Estad\u00edstica y Censos (Indec) inform\u00f3 este mi\u00e9rcoles que el \u00cdndice de Precios al Consumidor (IPC) registr\u00f3 en agosto un aumento del 1,9%. De esta manera, la inflaci\u00f3n acumulada en los primeros ocho meses del a\u00f1o se ubic\u00f3 en 19,5%, mientras que la variaci\u00f3n interanual trep\u00f3 al 33,6%.<\/p>\n\n\n\n<p>El dato estuvo en l\u00ednea con las proyecciones de las consultoras privadas y repiti\u00f3 la cifra de julio, lo que refleja una continuidad en la tendencia inflacionaria. Seg\u00fan analistas, la suba del d\u00f3lar en el \u00faltimo mes y medio no tuvo un impacto fuerte en los precios debido a la retracci\u00f3n del consumo, lo que limit\u00f3 el traslado de mayores costos a los bienes y servicios.<\/p>\n\n\n\n<p>En paralelo, el Instituto de Estad\u00edsticas de la Ciudad de Buenos Aires (Idecba) difundi\u00f3 el lunes que la inflaci\u00f3n porte\u00f1a fue de 1,6% en agosto, frente al 2,5% de julio. En t\u00e9rminos interanuales, el alza acumulada en CABA alcanz\u00f3 el 37,4%, con un incremento del 20% entre enero y agosto.<\/p>\n\n\n\n<p>La evoluci\u00f3n en la Ciudad mostr\u00f3 disparidad seg\u00fan los rubros. Los mayores aumentos se dieron en Seguros y servicios financieros (5,7%), seguidos por Transporte (3%), impulsado por el alza de combustibles y lubricantes. Tambi\u00e9n registraron subas Salud (2,1%) y Vivienda, agua, electricidad, gas y otros combustibles (1,9%), mientras que Alimentos y bebidas no alcoh\u00f3licas aument\u00f3 un 1%. En contraste, Indumentaria y calzado present\u00f3 una ca\u00edda del 0,4% debido a las liquidaciones de temporada. El n\u00facleo inflacionario porte\u00f1o, que excluye precios regulados y estacionales, se ubic\u00f3 en 2%.<\/p>\n","protected":false},"excerpt":{"rendered":"<p>El \u00cdndice de Precios al Consumidor (IPC) mensual se mantuvo igual que en julio. En [&hellip;]<\/p>\n","protected":false},"author":1,"featured_media":1016,"comment_status":"closed","ping_status":"closed","sticky":false,"template":"","format":"standard","meta":{"footnotes":""},"categories":[1],"tags":[],"class_list":["post-1015","post","type-post","status-publish","format-standard","has-post-thumbnail","hentry","category-sin-categoria"],"_links":{"self":[{"href":"https:\/\/mascorrientes.com\/index.php\/wp-json\/wp\/v2\/posts\/1015","targetHints":{"allow":["GET"]}}],"collection":[{"href":"https:\/\/mascorrientes.com\/index.php\/wp-json\/wp\/v2\/posts"}],"about":[{"href":"https:\/\/mascorrientes.com\/index.php\/wp-json\/wp\/v2\/types\/post"}],"author":[{"embeddable":true,"href":"https:\/\/mascorrientes.com\/index.php\/wp-json\/wp\/v2\/users\/1"}],"replies":[{"embeddable":true,"href":"https:\/\/mascorrientes.com\/index.php\/wp-json\/wp\/v2\/comments?post=1015"}],"version-history":[{"count":1,"href":"https:\/\/mascorrientes.com\/index.php\/wp-json\/wp\/v2\/posts\/1015\/revisions"}],"predecessor-version":[{"id":1017,"href":"https:\/\/mascorrientes.com\/index.php\/wp-json\/wp\/v2\/posts\/1015\/revisions\/1017"}],"wp:featuredmedia":[{"embeddable":true,"href":"https:\/\/mascorrientes.com\/index.php\/wp-json\/wp\/v2\/media\/1016"}],"wp:attachment":[{"href":"https:\/\/mascorrientes.com\/index.php\/wp-json\/wp\/v2\/media?parent=1015"}],"wp:term":[{"taxonomy":"category","embeddable":true,"href":"https:\/\/mascorrientes.com\/index.php\/wp-json\/wp\/v2\/categories?post=1015"},{"taxonomy":"post_tag","embeddable":true,"href":"https:\/\/mascorrientes.com\/index.php\/wp-json\/wp\/v2\/tags?post=1015"}],"curies":[{"name":"wp","href":"https:\/\/api.w.org\/{rel}","templated":true}]}}